{"id":3703,"date":"2021-11-15T15:36:51","date_gmt":"2021-11-15T14:36:51","guid":{"rendered":"https:\/\/dame1minutode.org\/?p=3703"},"modified":"2021-12-16T15:11:53","modified_gmt":"2021-12-16T14:11:53","slug":"i-have-a-dream","status":"publish","type":"post","link":"https:\/\/dame1minutode.org\/en\/i-have-a-dream\/","title":{"rendered":"I have a dream"},"content":{"rendered":"\n<div class=\"wp-block-group\"><div class=\"wp-block-group__inner-container is-layout-flow wp-block-group-is-layout-flow\">\n<p><em>Por <em>Naiara N\u00e1jera Etxeandia<\/em>.<br>Alumna <em>del grado de Derecho y Comunicaci\u00f3n de la Universidad de Deusto. Campus de San Sebasti\u00e1n<\/em>.<\/em><\/p>\n<\/div><\/div>\n\n\n\n<hr class=\"wp-block-separator has-text-color has-background has-cyan-bluish-gray-background-color has-cyan-bluish-gray-color is-style-wide\"\/>\n\n\n\n<p>I have a dream. Tengo un sue\u00f1o. As\u00ed es como comenzaba aquel discurso que Martin Luther King concedi\u00f3 el 20 de agosto de 1963 ante el Monumento de Lincoln. El sue\u00f1o de Martin Luther King era la convivencia pac\u00edfica entre las personas blancas y negras y la igualdad entre ellas.<\/p>\n\n\n\n<p>Imagine. As\u00ed se llama la canci\u00f3n que lanz\u00f3 John Lennon en 1971. Lennon imaginaba a todas las personas viviendo en paz, compartiendo el mundo, y cantaba: \u201cPuedes decir que soy un so\u00f1ador, pero no soy el \u00fanico. Espero que alg\u00fan d\u00eda te nos unas y el mundo ser\u00e1 como uno.\u201d<\/p>\n\n\n\n<p>Entre sue\u00f1os e imaginaciones, la paz todav\u00eda parece algo ut\u00f3pico, dif\u00edcil de lograr. No obstante, la violencia, las guerras y las muertes nos parecen mucho m\u00e1s realistas. \u00bfDesde cu\u00e1ndo hacer la guerra es m\u00e1s f\u00e1cil que hacer la paz?.<\/p>\n\n\n\n<p>No hay camino para la paz, la paz es el camino. Gandhi ya dio la clave sobre lo que supone la paz. La paz no es un objetivo, sino el medio en el que debemos vivir. Garc\u00eda M\u00e1rquez dec\u00eda que la paz era gerundio, es decir, que lo importante no es hacer la paz sino estar haci\u00e9ndola. Puede que ese sea el <em>h\u00e1ndicap <\/em>de la paz; la constancia que requiere para que sea paz. Una guerra puede durar m\u00e1s o menos, las violencias pueden durar m\u00e1s o menos, pero la paz, para ser paz, debe ser constante.<\/p>\n\n\n\n<p>Naciones Unidas, consciente del desaf\u00edo que supone la lucha por la paz, decidi\u00f3 a\u00f1adir como <a href=\"https:\/\/www.un.org\/sustainabledevelopment\/es\/peace-justice\/\" target=\"_blank\" rel=\"noreferrer noopener\">objetivo 16<\/a> la lucha por la paz y la justicia con el objetivo de reducir la violencia y las tasas de mortalidad correspondientes; poner fin al maltrato, la explotaci\u00f3n, la trata y todas las formas de violencia y tortura contra los ni\u00f1os; promover el estado de derecho en los planos nacional e internacional y garantizar la igualdad de acceso a la justicia para todos; reducir considerablemente la corrupci\u00f3n y el soborno en todas sus formas; crear a todos los niveles instituciones eficaces y transparentes que rindan cuentas; y garantizar el acceso p\u00fablico a la informaci\u00f3n y proteger las libertades fundamentales, de conformidad con las leyes nacionales y los acuerdos internacionales, entre otras cosas.<\/p>\n\n\n\n<p>Si bien hemos demostrado que la paz es dif\u00edcil de conseguir, tambi\u00e9n debemos demostrar que la paz es el \u00fanico camino que queremos seguir.<\/p>\n\n\n\n<div style=\"height:20px\" aria-hidden=\"true\" class=\"wp-block-spacer\"><\/div>\n\n\n\n<figure class=\"wp-block-embed-youtube wp-block-embed is-type-video is-provider-youtube wp-embed-aspect-16-9 wp-has-aspect-ratio\"><div class=\"wp-block-embed__wrapper\">\n<div class=\"videoWrapper\"><iframe loading=\"lazy\" title=\"ODS 16 | Paz, justicia e instituciones s\u00f3lidas\" width=\"500\" height=\"281\" src=\"https:\/\/www.youtube.com\/embed\/b4BE54p2TPM?feature=oembed\" frameborder=\"0\" allow=\"accelerometer; autoplay; clipboard-write; encrypted-media; gyroscope; picture-in-picture; web-share\" referrerpolicy=\"strict-origin-when-cross-origin\" allowfullscreen><\/iframe><\/div>\n<\/div><\/figure>\n\n\n\n<div style=\"height:20px\" aria-hidden=\"true\" class=\"wp-block-spacer\"><\/div>\n\n\n\n<p><em><strong><em>Naiara N\u00e1jera Etxeandia<\/em>.<\/strong><br><\/em><a href=\"https:\/\/es.linkedin.com\/in\/naiara-n%C3%A1jera-etxeandia-474008209\"><em>https:\/\/es.linkedin.com\/in\/naiara-n%C3%A1jera-etxeandia-474008209<\/em><\/a><\/p>\n\n\n\n<div style=\"height:20px\" aria-hidden=\"true\" class=\"wp-block-spacer\"><\/div>\n\n\n\n<p><em>Imagen: UNDP<\/em><\/p>\n","protected":false},"excerpt":{"rendered":"<p>Por Naiara N\u00e1jera Etxeandia.Alumna del grado de Derecho y Comunicaci\u00f3n de la Universidad de Deusto. Campus de San Sebasti\u00e1n. I have a dream. Tengo un sue\u00f1o. As\u00ed es como comenzaba aquel discurso que Martin Luther King concedi\u00f3 el 20 de agosto de 1963 ante el Monumento de Lincoln. El sue\u00f1o de Martin Luther King era [&hellip;]<\/p>\n","protected":false},"author":2,"featured_media":3701,"comment_status":"open","ping_status":"open","sticky":false,"template":"","format":"standard","meta":{"_acf_changed":false,"footnotes":""},"categories":[519],"tags":[],"class_list":["post-3703","post","type-post","status-publish","format-standard","has-post-thumbnail","hentry","category-vida-en"],"acf":[],"_links":{"self":[{"href":"https:\/\/dame1minutode.org\/en\/wp-json\/wp\/v2\/posts\/3703","targetHints":{"allow":["GET"]}}],"collection":[{"href":"https:\/\/dame1minutode.org\/en\/wp-json\/wp\/v2\/posts"}],"about":[{"href":"https:\/\/dame1minutode.org\/en\/wp-json\/wp\/v2\/types\/post"}],"author":[{"embeddable":true,"href":"https:\/\/dame1minutode.org\/en\/wp-json\/wp\/v2\/users\/2"}],"replies":[{"embeddable":true,"href":"https:\/\/dame1minutode.org\/en\/wp-json\/wp\/v2\/comments?post=3703"}],"version-history":[{"count":0,"href":"https:\/\/dame1minutode.org\/en\/wp-json\/wp\/v2\/posts\/3703\/revisions"}],"wp:featuredmedia":[{"embeddable":true,"href":"https:\/\/dame1minutode.org\/en\/wp-json\/wp\/v2\/media\/3701"}],"wp:attachment":[{"href":"https:\/\/dame1minutode.org\/en\/wp-json\/wp\/v2\/media?parent=3703"}],"wp:term":[{"taxonomy":"category","embeddable":true,"href":"https:\/\/dame1minutode.org\/en\/wp-json\/wp\/v2\/categories?post=3703"},{"taxonomy":"post_tag","embeddable":true,"href":"https:\/\/dame1minutode.org\/en\/wp-json\/wp\/v2\/tags?post=3703"}],"curies":[{"name":"wp","href":"https:\/\/api.w.org\/{rel}","templated":true}]}}