{"id":3713,"date":"2021-11-16T14:26:30","date_gmt":"2021-11-16T13:26:30","guid":{"rendered":"https:\/\/dame1minutode.org\/?p=3713"},"modified":"2021-12-16T15:10:57","modified_gmt":"2021-12-16T14:10:57","slug":"un-compromiso-proactivo","status":"publish","type":"post","link":"https:\/\/dame1minutode.org\/en\/un-compromiso-proactivo\/","title":{"rendered":"Un compromiso proactivo"},"content":{"rendered":"\n<p><em>Por Marta V\u00e1zquez Razquin.<br>Alumna del grado en Relaciones Internacionales de la Universidad de Deusto. <\/em><\/p>\n\n\n\n<hr class=\"wp-block-separator is-style-default\"\/>\n\n\n\n<p><strong><em>Alianza<\/em><\/strong><em>: \u201cacci\u00f3n de aliarse\u201d, \u201cconjunto de Naciones, Gobiernos o personas que se han aliado\u201d, \u201cpacto convenio o tratado en el que se recogen los t\u00e9rminos en que se al\u00edan dos o m\u00e1s pa\u00edses\u201d (RAE).<\/em><\/p>\n\n\n\n<p>En el <a href=\"https:\/\/dame1minutode.org\/cambiar-de-actitud\/\" target=\"_blank\" rel=\"noreferrer noopener\">post del ODS 13<\/a> (Acci\u00f3n por el Clima) habl\u00e1bamos de c\u00f3mo cada vez que vemos o escuchamos las noticias, siempre hay alg\u00fan desastre natural ocurriendo, cerca nuestro o en cualquier lado del planeta. No s\u00e9 si te has fijado, pero en algunas ocasiones, y dependiendo del pa\u00eds que se trate, otras naciones env\u00edan personal de emergencia para ayudar, ya que en muchas ocasiones, los servicios nacionales se ven desbordados. Ya sea bomberos para luchar contra incendios masivos, o sanitarios para luchar contra una pandemia.<\/p>\n\n\n\n<p>Estas ocasiones extraordinarias son claros ejemplos, entre muchos, de que realmente las naciones se pueden y deben aliar unas con otras para lograr grandes cosas. Por lo tanto, deber\u00edan ser capaces de aliarse para cumplir el mayor n\u00famero de metas de los ODS posible, \u00bfno? Aunque nos pese, en much\u00edsimas ocasiones, el beneficio econ\u00f3mico tiende a tener mayor importancia, y a posicionarse en el puesto n\u00famero uno del r\u00e1nking de prioridades de las naciones, lo que dificulta el cumplimiento de los Objetivos.<\/p>\n\n\n\n<p>Tal vez sea por esto que las metas del ODS 17 sean de \u00e1mbitos diferentes: finanzas, tecnolog\u00eda, creaci\u00f3n de capacidad, comercio y cuestiones sist\u00e9micas -coherencia normativa e institucional; alianzas entre m\u00faltiples interesados; datos, supervisi\u00f3n y rendici\u00f3n de cuentas. Desde \u201cadoptar y aplicar sistemas de promoci\u00f3n de las inversiones en favor de los pa\u00edses menos adelantados\u201d a \u201cfomentar y promover la constituci\u00f3n de alianzas eficaces en las esferas p\u00fablica, p\u00fablico-privada y de la sociedad civil aprovechando la experiencia y las estrategias de obtenci\u00f3n de recursos de las alianzas\u201d, pasando por \u201cmejorar la coherencia de las pol\u00edticas para el desarrollo sostenible.\u201d<\/p>\n\n\n\n<p>Los ODS requieren de compromiso y de proactividad por parte de todos los pa\u00edses y de todas las personas. Debemos exigir el cumplimiento de los ODS y que los pa\u00edses trabajen unidos para lograrlo. Ha quedado claro que solas no lo podemos hacer, y que debe ser un trabajo en equipo. Por ello las Naciones Unidas decidieron que las Alianzas para lograr Objetivos deb\u00edan constituir su propio objetivo, <a rel=\"noreferrer noopener\" href=\"https:\/\/www.un.org\/sustainabledevelopment\/es\/globalpartnerships\/\" target=\"_blank\">el ODS 17<\/a>.<\/p>\n\n\n\n<div style=\"height:20px\" aria-hidden=\"true\" class=\"wp-block-spacer\"><\/div>\n\n\n\n<figure class=\"wp-block-embed-youtube wp-block-embed is-type-video is-provider-youtube wp-embed-aspect-16-9 wp-has-aspect-ratio\"><div class=\"wp-block-embed__wrapper\">\n<div class=\"videoWrapper\"><iframe loading=\"lazy\" title=\"ODS 17 | Alianzas para lograr los objetivos\" width=\"500\" height=\"281\" src=\"https:\/\/www.youtube.com\/embed\/7aWdmDxl75k?feature=oembed\" frameborder=\"0\" allow=\"accelerometer; autoplay; clipboard-write; encrypted-media; gyroscope; picture-in-picture; web-share\" referrerpolicy=\"strict-origin-when-cross-origin\" allowfullscreen><\/iframe><\/div>\n<\/div><\/figure>\n\n\n\n<div style=\"height:20px\" aria-hidden=\"true\" class=\"wp-block-spacer\"><\/div>\n\n\n\n<p><em><strong><em><strong>Marta V\u00e1zquez Razquin<\/strong><\/em>.<\/strong><br><\/em><a href=\"https:\/\/www.linkedin.com\/in\/marta-v%C3%A1zquez-8071b91b1\/\" target=\"_blank\" rel=\"noreferrer noopener\">https:\/\/www.linkedin.com\/in\/marta-v%C3%A1zquez-8071b91b1\/<\/a><\/p>\n\n\n\n<p><em>Foto: Ministerio de Derechos Sociales y Agenda 2030<\/em><\/p>\n","protected":false},"excerpt":{"rendered":"<p>Por Marta V\u00e1zquez Razquin.Alumna del grado en Relaciones Internacionales de la Universidad de Deusto. Alianza: \u201cacci\u00f3n de aliarse\u201d, \u201cconjunto de Naciones, Gobiernos o personas que se han aliado\u201d, \u201cpacto convenio o tratado en el que se recogen los t\u00e9rminos en que se al\u00edan dos o m\u00e1s pa\u00edses\u201d (RAE). En el post del ODS 13 (Acci\u00f3n [&hellip;]<\/p>\n","protected":false},"author":2,"featured_media":3711,"comment_status":"open","ping_status":"open","sticky":false,"template":"","format":"standard","meta":{"_acf_changed":false,"footnotes":""},"categories":[522,519],"tags":[],"class_list":["post-3713","post","type-post","status-publish","format-standard","has-post-thumbnail","hentry","category-agenda-2030-en","category-vida-en"],"acf":[],"_links":{"self":[{"href":"https:\/\/dame1minutode.org\/en\/wp-json\/wp\/v2\/posts\/3713","targetHints":{"allow":["GET"]}}],"collection":[{"href":"https:\/\/dame1minutode.org\/en\/wp-json\/wp\/v2\/posts"}],"about":[{"href":"https:\/\/dame1minutode.org\/en\/wp-json\/wp\/v2\/types\/post"}],"author":[{"embeddable":true,"href":"https:\/\/dame1minutode.org\/en\/wp-json\/wp\/v2\/users\/2"}],"replies":[{"embeddable":true,"href":"https:\/\/dame1minutode.org\/en\/wp-json\/wp\/v2\/comments?post=3713"}],"version-history":[{"count":0,"href":"https:\/\/dame1minutode.org\/en\/wp-json\/wp\/v2\/posts\/3713\/revisions"}],"wp:featuredmedia":[{"embeddable":true,"href":"https:\/\/dame1minutode.org\/en\/wp-json\/wp\/v2\/media\/3711"}],"wp:attachment":[{"href":"https:\/\/dame1minutode.org\/en\/wp-json\/wp\/v2\/media?parent=3713"}],"wp:term":[{"taxonomy":"category","embeddable":true,"href":"https:\/\/dame1minutode.org\/en\/wp-json\/wp\/v2\/categories?post=3713"},{"taxonomy":"post_tag","embeddable":true,"href":"https:\/\/dame1minutode.org\/en\/wp-json\/wp\/v2\/tags?post=3713"}],"curies":[{"name":"wp","href":"https:\/\/api.w.org\/{rel}","templated":true}]}}