{"id":4044,"date":"2022-03-11T09:52:04","date_gmt":"2022-03-11T08:52:04","guid":{"rendered":"https:\/\/dame1minutode.org\/crisis-de-cesare-maglioni-corto-ganador-de-la-xii-edicion\/"},"modified":"2022-03-11T09:52:18","modified_gmt":"2022-03-11T08:52:18","slug":"crisis-de-cesare-maglioni-corto-ganador-de-la-xii-edicion","status":"publish","type":"post","link":"https:\/\/dame1minutode.org\/en\/crisis-de-cesare-maglioni-corto-ganador-de-la-xii-edicion\/","title":{"rendered":"&#8216;Crisis&#8217; de Cesare Maglioni, corto ganador de la XII edici\u00f3n"},"content":{"rendered":"\n<p><strong><em>\u2018Itsaso\u2019 de Sergio Mart\u00ednez Villar es galardonado como mejor v\u00eddeo en euskera<\/em><\/strong>.<\/p>\n\n\n\n<p><strong><em>\u2018Mugak\u2019 de Toki Alai Ikastetxea de Ir\u00fan es el vencedor en la categor\u00eda UNESCO Etxea<\/em><\/strong>.<\/p>\n\n\n\n<p><strong><em>\u2018Los 17&#8242; de Kalez Kale &#8211; Programa Municipal de Educaci\u00f3n de Calle de Gazteiz se lleva el premio \u2018Ekin eta Egin\u2019.<\/em><\/strong><\/p>\n\n\n\n<div style=\"height:20px\" aria-hidden=\"true\" class=\"wp-block-spacer\"><\/div>\n\n\n\n<p>El corto <em>\u2018Crisis\u2019<\/em> dirigido por Cesare Maglioni ha conseguido el m\u00e1ximo galard\u00f3n de la XII edici\u00f3n de nuestro concurso \u2018Dame 1 minuto de Vida\u2019<\/p>\n\n\n\n<p><em>\u2018Crisis\u2019<\/em> es un contundente alegato audiovisual que nos muestra la urgencia de respetar el medio ambiente y de profundizar sobre el papel que debe desempe\u00f1ar el ser humano para conseguir un mundo m\u00e1s sostenible. La pobreza y la crisis ambiental son dos caras de la misma moneda.<\/p>\n\n\n\n<div style=\"height:20px\" aria-hidden=\"true\" class=\"wp-block-spacer\"><\/div>\n\n\n\n<figure class=\"wp-block-embed-youtube wp-block-embed is-type-video is-provider-youtube wp-embed-aspect-16-9 wp-has-aspect-ratio\"><div class=\"wp-block-embed__wrapper\">\n<div class=\"videoWrapper\"><iframe loading=\"lazy\" title=\"Dame 1&#039; de Vida\u2013 Crisis - Ganador categor\u00eda principal\" width=\"500\" height=\"281\" src=\"https:\/\/www.youtube.com\/embed\/aPbTQqtTA-A?feature=oembed\" frameborder=\"0\" allow=\"accelerometer; autoplay; clipboard-write; encrypted-media; gyroscope; picture-in-picture; web-share\" referrerpolicy=\"strict-origin-when-cross-origin\" allowfullscreen><\/iframe><\/div>\n<\/div><\/figure>\n\n\n\n<div style=\"height:20px\" aria-hidden=\"true\" class=\"wp-block-spacer\"><\/div>\n\n\n\n<p>El galard\u00f3n al mejor trabajo en euskera ha sido para <em>&#8216;Itsaso&#8217;<\/em>, del director Sergio Mart\u00ednez Villar.<\/p>\n\n\n\n<p>El premio en la categor\u00eda \u2018Ekin eta Egin\u2019, para menores de 18 a\u00f1os, ha sido para Kalez Kale &#8211; Programa Municipal de Educaci\u00f3n de Calle de Vitoria-Gazteiz &nbsp;por el corto <em>\u2018Los 17\u2019.<\/em><\/p>\n\n\n\n<p>El corto <em>\u2018Mugak\u2019<\/em> de Toki Alai Ikastetxea de Ir\u00fan ha sido reconocido con el Premio UNESCO Etxea.<\/p>\n\n\n\n<p>La ceremonia de entrega de premios ha sido presentada por la periodista de EITB Ana Urrutia y ha contado con la participaci\u00f3n de Cruz Noguera, la voz de Sendoa Bilbao (<a rel=\"noreferrer noopener\" href=\"https:\/\/porturadio.org\/programas\/la-ley-fosforica\/\" target=\"_blank\">la ley fosf\u00f3rica &#8211; Portu radio<\/a>) y la presentaci\u00f3n del v\u00eddeo de Elena Seti\u00e9n &#8216;In this short life&#8217;.<\/p>\n\n\n\n<p>Puedes ver todos los v\u00eddeos galardonados <a href=\"https:\/\/dame1minutode.org\/ediciones\/premiados-2021\/\"><strong>en este enlace<\/strong><\/a> <\/p>\n","protected":false},"excerpt":{"rendered":"<p>\u2018Itsaso\u2019 de Sergio Mart\u00ednez Villar es galardonado como mejor v\u00eddeo en euskera. \u2018Mugak\u2019 de Toki Alai Ikastetxea de Ir\u00fan es el vencedor en la categor\u00eda UNESCO Etxea. \u2018Los 17&#8242; de Kalez Kale &#8211; Programa Municipal de Educaci\u00f3n de Calle de Gazteiz se lleva el premio \u2018Ekin eta Egin\u2019. El corto \u2018Crisis\u2019 dirigido por Cesare Maglioni [&hellip;]<\/p>\n","protected":false},"author":2,"featured_media":4042,"comment_status":"open","ping_status":"open","sticky":false,"template":"","format":"standard","meta":{"_acf_changed":false,"footnotes":""},"categories":[517],"tags":[],"class_list":["post-4044","post","type-post","status-publish","format-standard","has-post-thumbnail","hentry","category-ceremonia-de-entrega-de-premios-en"],"acf":[],"_links":{"self":[{"href":"https:\/\/dame1minutode.org\/en\/wp-json\/wp\/v2\/posts\/4044","targetHints":{"allow":["GET"]}}],"collection":[{"href":"https:\/\/dame1minutode.org\/en\/wp-json\/wp\/v2\/posts"}],"about":[{"href":"https:\/\/dame1minutode.org\/en\/wp-json\/wp\/v2\/types\/post"}],"author":[{"embeddable":true,"href":"https:\/\/dame1minutode.org\/en\/wp-json\/wp\/v2\/users\/2"}],"replies":[{"embeddable":true,"href":"https:\/\/dame1minutode.org\/en\/wp-json\/wp\/v2\/comments?post=4044"}],"version-history":[{"count":0,"href":"https:\/\/dame1minutode.org\/en\/wp-json\/wp\/v2\/posts\/4044\/revisions"}],"wp:featuredmedia":[{"embeddable":true,"href":"https:\/\/dame1minutode.org\/en\/wp-json\/wp\/v2\/media\/4042"}],"wp:attachment":[{"href":"https:\/\/dame1minutode.org\/en\/wp-json\/wp\/v2\/media?parent=4044"}],"wp:term":[{"taxonomy":"category","embeddable":true,"href":"https:\/\/dame1minutode.org\/en\/wp-json\/wp\/v2\/categories?post=4044"},{"taxonomy":"post_tag","embeddable":true,"href":"https:\/\/dame1minutode.org\/en\/wp-json\/wp\/v2\/tags?post=4044"}],"curies":[{"name":"wp","href":"https:\/\/api.w.org\/{rel}","templated":true}]}}