{"id":4087,"date":"2022-03-21T12:42:54","date_gmt":"2022-03-21T11:42:54","guid":{"rendered":"https:\/\/dame1minutode.org\/?p=4087"},"modified":"2022-03-21T12:42:54","modified_gmt":"2022-03-21T11:42:54","slug":"ods-10-en-europa-tambien-hay-racismo","status":"publish","type":"post","link":"https:\/\/dame1minutode.org\/en\/ods-10-en-europa-tambien-hay-racismo\/","title":{"rendered":"ODS 10 \u2013 En Europa tambi\u00e9n hay racismo"},"content":{"rendered":"\n<div class=\"wp-block-group\"><div class=\"wp-block-group__inner-container is-layout-flow wp-block-group-is-layout-flow\">\n<p><em>Por <em>Marta V\u00e1zquez Razquin<\/em>.<br>Alumna <em>del grado de relaciones Internacionales de la de la Universidad de Deusto<\/em>.<\/em><\/p>\n<\/div><\/div>\n\n\n\n<hr class=\"wp-block-separator has-text-color has-background has-cyan-bluish-gray-background-color has-cyan-bluish-gray-color is-style-wide\"\/>\n\n\n\n<p>Suelen decir que a la tercera va la vencida, y aunque no s\u00e9 de d\u00f3nde surge esta expresi\u00f3n, conf\u00edo en que se haga realidad. Pensaba que hablar de desigualdades (<a href=\"https:\/\/www.un.org\/sustainabledevelopment\/es\/inequality\/\" target=\"_blank\" rel=\"noreferrer noopener\">ODS 10<\/a>) iba a ser, tristemente, algo que se me iba a hacer m\u00e1s f\u00e1cil. Son muchas las razones por las cuales somos desiguales los unos de los otros, y muchas m\u00e1s aquellas por las cuales colectivos enteros se encuentran en posiciones de vulnerabilidad.<\/p>\n\n\n\n<p>Tras no estar poco tiempo d\u00e1ndole vueltas a la cabeza, he decidido centrarme en algo que est\u00e1 sucediendo ahora mismo, y por lo que he le\u00eddo y o\u00eddo hasta ahora, no se le est\u00e1 dando la importancia que deber\u00eda en los medios de comunicaci\u00f3n &#8211; por lo menos, en los principales.<\/p>\n\n\n\n<p>Todas conocemos, aunque sea de manera superficial, lo que est\u00e1 ocurriendo en Ucrania ahora mismo. Y aunque no me voy a meter en el aspecto m\u00e1s pol\u00edtico, econ\u00f3mico o securitario del asunto, s\u00ed lo voy a hacer en el humanitario. Las cifras var\u00edan, ya que nunca se pueden saber exactamente, pero se estima que por lo menos hay m\u00e1s de <a href=\"https:\/\/www.abc.es\/internacional\/abci-aumenta-mas-millones-cifra-refugiados-guerra-ucrania-202203081224_noticia.html\" target=\"_blank\" rel=\"noreferrer noopener\">mill\u00f3n y medio de refugiados<\/a> (a fecha de hoy) ucranianos, que han cruzado las fronteras del pa\u00eds y est\u00e1n buscando refugio en pa\u00edses europeos. Hasta ah\u00ed, todas conmigo \u00bfverdad?.<\/p>\n\n\n\n<p>De lo que no somos conscientes, por lo menos muchas de nosotras, personas blancas de Espa\u00f1a, es de lo racista que es nuestra sociedad, en este caso la europea. Por ello, doy gracias a personas como Safia El Aaddam (<a href=\"https:\/\/www.instagram.com\/hijadeinmigrantes\/\" target=\"_blank\" rel=\"noreferrer noopener\">@hijadeinmigrantes<\/a>), Youssef M. Ouled (<a href=\"https:\/\/www.instagram.com\/youssefmouled\/\" target=\"_blank\" rel=\"noreferrer noopener\">@youssefmouled<\/a>) y Safiya Kerchaoui (<a href=\"https:\/\/www.instagram.com\/safiya.kerchaoui\/\" target=\"_blank\" rel=\"noreferrer noopener\">@safiya.kerchaoui<\/a>), entre otras muchas, que realizan una labor inmensa de educaci\u00f3n &#8211; por la cual no reciben retribuci\u00f3n alguna.<\/p>\n\n\n\n<p>Son muchas las personas no ucranianas (l\u00e9ase no blancas y de ojos azules) las que est\u00e1n teniendo grandes dificultades en cruzar las fronteras, y que cuando las que consiguen cruzar, se encuentran con violencia y racismo en su pa\u00eds de acogida, sobre todo <a href=\"https:\/\/www.bbc.com\/mundo\/noticias-internacional-60563744\" target=\"_blank\" rel=\"noreferrer noopener\">estudiantes africanos e indios<\/a>, que se han visto obligados a pedir ayuda por redes sociales.<\/p>\n\n\n\n<p>Y no es \u00fanicamente este racismo el que ha salido claramente a relucir estos \u00faltimos d\u00edas, ya que son muchos los medios de comunicaci\u00f3n que han descrito a los refugiados ucranianos como <a href=\"https:\/\/twitter.com\/AlanRMacLeod\/status\/1497974245737050120?s=20&amp;t=27RDbeNZMDPyYDTjpwajFQ\" target=\"_blank\" rel=\"noreferrer noopener\">civilizados<\/a> &#8211; en comparaci\u00f3n a los africanos, que son \u201cincivilizados\u201d o <a href=\"https:\/\/www.eldiario.es\/politica\/abascal-aprovecha-guerra-cargar-inmigracion-refugiados-ucranianos-invasiones-jovenes-musulmanes_1_8794717.html\" target=\"_blank\" rel=\"noreferrer noopener\">no refugiados de verdad<\/a>.<\/p>\n\n\n\n<p>Por \u00faltimo, quisiera mencionar las respuestas que est\u00e1n recibiendo muchas de estas activistas, y otras personas que est\u00e1n realizando la misma cr\u00edtica, cuando denuncian este racismo al comparar las respuestas a la crisis ucraniana con las de la crisis palestina &#8211; por nombrar una. Tal como explican, se puede ser solidaria a la vez que se denuncia el racismo y la hipocres\u00eda de Europa y de Occidente. Recalcar que cuando los <a rel=\"noreferrer noopener\" href=\"https:\/\/www.businessinsider.es\/fotos-preparan-ucranianos-cocteles-molotov-defenderse-1019783\" target=\"_blank\">ciudadanos ucranianos<\/a> realizan c\u00f3cteles Molotov est\u00e1n justificados, pero si los realizan los <a rel=\"noreferrer noopener\" href=\"https:\/\/www.europapress.es\/internacional\/noticia-heridos-tres-adolescentes-palestinos-tiroteados-ejercito-israel-supuestamente-lanzar-coctel-molotov-20201030131603.html\" target=\"_blank\">ciudadanos palestinos<\/a> son terroristas, no significa que le estemos quitando importancia a lo que ocurre en Ucrania, si no que se est\u00e1 se\u00f1alando la hipocres\u00eda. Queda claro que como sociedad tenemos mucho trabajo por delante si queremos llegar a esa igualdad que predicamos.<\/p>\n\n\n\n<div style=\"height:20px\" aria-hidden=\"true\" class=\"wp-block-spacer\"><\/div>\n\n\n\n<figure class=\"wp-block-embed-youtube wp-block-embed is-type-video is-provider-youtube wp-embed-aspect-16-9 wp-has-aspect-ratio\"><div class=\"wp-block-embed__wrapper\">\n<div class=\"videoWrapper\"><iframe loading=\"lazy\" title=\"ODS 10 | Reducci\u00f3n de las desigualdades\" width=\"500\" height=\"281\" src=\"https:\/\/www.youtube.com\/embed\/ojI69FKxqdE?feature=oembed\" frameborder=\"0\" allow=\"accelerometer; autoplay; clipboard-write; encrypted-media; gyroscope; picture-in-picture; web-share\" referrerpolicy=\"strict-origin-when-cross-origin\" allowfullscreen><\/iframe><\/div>\n<\/div><\/figure>\n\n\n\n<div style=\"height:20px\" aria-hidden=\"true\" class=\"wp-block-spacer\"><\/div>\n\n\n\n<p><em><strong><em><strong>Marta V\u00e1zquez Razquin<\/strong><\/em>.<\/strong><br><\/em><a rel=\"noreferrer noopener\" href=\"https:\/\/www.linkedin.com\/in\/marta-v%C3%A1zquez-8071b91b1\/\" target=\"_blank\">https:\/\/www.linkedin.com\/in\/marta-v%C3%A1zquez-8071b91b1\/<\/a><\/p>\n\n\n\n<p><em>Foto: UNHCR<\/em><\/p>\n","protected":false},"excerpt":{"rendered":"<p>Por Marta V\u00e1zquez Razquin.Alumna del grado de relaciones Internacionales de la de la Universidad de Deusto. Suelen decir que a la tercera va la vencida, y aunque no s\u00e9 de d\u00f3nde surge esta expresi\u00f3n, conf\u00edo en que se haga realidad. Pensaba que hablar de desigualdades (ODS 10) iba a ser, tristemente, algo que se me [&hellip;]<\/p>\n","protected":false},"author":2,"featured_media":4084,"comment_status":"open","ping_status":"open","sticky":false,"template":"","format":"standard","meta":{"_acf_changed":false,"footnotes":""},"categories":[522,515],"tags":[],"class_list":["post-4087","post","type-post","status-publish","format-standard","has-post-thumbnail","hentry","category-agenda-2030-en","category-refugio-en"],"acf":[],"_links":{"self":[{"href":"https:\/\/dame1minutode.org\/en\/wp-json\/wp\/v2\/posts\/4087","targetHints":{"allow":["GET"]}}],"collection":[{"href":"https:\/\/dame1minutode.org\/en\/wp-json\/wp\/v2\/posts"}],"about":[{"href":"https:\/\/dame1minutode.org\/en\/wp-json\/wp\/v2\/types\/post"}],"author":[{"embeddable":true,"href":"https:\/\/dame1minutode.org\/en\/wp-json\/wp\/v2\/users\/2"}],"replies":[{"embeddable":true,"href":"https:\/\/dame1minutode.org\/en\/wp-json\/wp\/v2\/comments?post=4087"}],"version-history":[{"count":0,"href":"https:\/\/dame1minutode.org\/en\/wp-json\/wp\/v2\/posts\/4087\/revisions"}],"wp:featuredmedia":[{"embeddable":true,"href":"https:\/\/dame1minutode.org\/en\/wp-json\/wp\/v2\/media\/4084"}],"wp:attachment":[{"href":"https:\/\/dame1minutode.org\/en\/wp-json\/wp\/v2\/media?parent=4087"}],"wp:term":[{"taxonomy":"category","embeddable":true,"href":"https:\/\/dame1minutode.org\/en\/wp-json\/wp\/v2\/categories?post=4087"},{"taxonomy":"post_tag","embeddable":true,"href":"https:\/\/dame1minutode.org\/en\/wp-json\/wp\/v2\/tags?post=4087"}],"curies":[{"name":"wp","href":"https:\/\/api.w.org\/{rel}","templated":true}]}}