{"id":4312,"date":"2022-11-07T11:10:55","date_gmt":"2022-11-07T10:10:55","guid":{"rendered":"https:\/\/dame1minutode.org\/?p=4312"},"modified":"2022-11-07T11:10:55","modified_gmt":"2022-11-07T10:10:55","slug":"las-manos-tambien-expresan-palabras","status":"publish","type":"post","link":"https:\/\/dame1minutode.org\/en\/las-manos-tambien-expresan-palabras\/","title":{"rendered":"Las manos tambi\u00e9n expresan palabras"},"content":{"rendered":"\n<p>Cuando las cuerdas vocales no pueden emitir sonidos, cuando los o\u00eddos no son capaces de escuchar, es entonces cuando los ojos oyen y las manos hablan.<\/p>\n\n\n\n<p>\u00bfQu\u00e9 es realmente la lengua de signos o lengua de se\u00f1as? Seg\u00fan la Confederaci\u00f3n Estatal de Personas Sordas se trata de \u201cla lengua natural de car\u00e1cter visual, gestual y espacial con gram\u00e1tica propia que re\u00fane todas las caracter\u00edsticas y cumple las mismas funciones que cualquier otra lengua\u201d. El Instituto de Ense\u00f1anza de la Lengua de Signos Espa\u00f1ola explica que, a diferencia de las lenguas orales que son \u201cde car\u00e1cter auditivo oral \u4e00pues recibimos el mensaje a trav\u00e9s de la audici\u00f3n y emitimos nuestras ideas a trav\u00e9s de sonidos articulados\u4e00, la lengua de signos hace referencia a \u201cuna lengua viso-gestual \u4e00ya que el mensaje se recibe mediante la visi\u00f3n y la emisi\u00f3n de este se realiza mediante las manos, el cuerpo y la expresi\u00f3n\u4e00\u201d.<\/p>\n\n\n\n<p>La Federaci\u00f3n Mundial de Personas Sordas estima que son aproximadamente 72 millones de personas en todo el mundo las que conocen y utilizan la lengua de signos. En esta l\u00ednea, La Convenci\u00f3n sobre los derechos de las personas con discapacidad de la Organizaci\u00f3n de Naciones Unidas promueve el uso de las lenguas viso-gestuales y reconoce a las mismas, desde el a\u00f1o 2008, el mismo estatus que al resto de las lenguas oral-auditivas. Cabe destacar que, en 2017, la Asamblea General de Naciones Unidas estableci\u00f3 el 23 de septiembre como <a href=\"https:\/\/www.un.org\/es\/observances\/sign-languages-day\" target=\"_blank\" rel=\"noreferrer noopener\">D\u00eda Internacional de las Lenguas de Signos<\/a>.<\/p>\n\n\n\n<div style=\"height:20px\" aria-hidden=\"true\" class=\"wp-block-spacer\"><\/div>\n\n\n\n<figure class=\"wp-block-embed-youtube wp-block-embed is-type-video is-provider-youtube wp-embed-aspect-16-9 wp-has-aspect-ratio\"><div class=\"wp-block-embed__wrapper\">\n<div class=\"videoWrapper\"><iframe loading=\"lazy\" title=\"Nyle DiMarco on the first Int&#039;l Day of Sign Languages (23 September)\" width=\"500\" height=\"281\" src=\"https:\/\/www.youtube.com\/embed\/xwdgXmbz6Tw?feature=oembed\" frameborder=\"0\" allow=\"accelerometer; autoplay; clipboard-write; encrypted-media; gyroscope; picture-in-picture; web-share\" referrerpolicy=\"strict-origin-when-cross-origin\" allowfullscreen><\/iframe><\/div>\n<\/div><\/figure>\n\n\n\n<div style=\"height:20px\" aria-hidden=\"true\" class=\"wp-block-spacer\"><\/div>\n\n\n\n<p>Ser\u00eda inviable pensar que en la historia de la humanidad ha existido un \u00fanico idioma a trav\u00e9s del cual se han venido comunicando entre s\u00ed los seres humanos. Lo mismo ocurre con la lengua de signos. Tendemos a pensar, de manera err\u00f3nea, que esta \u00faltima es universal, y lejos de haber una \u00fanica para todo el mundo, existen grandes variaciones entre diferentes pa\u00edses e incluso entre distintas culturas. Hasta podr\u00eda afirmarse que algunos pa\u00edses poseen si no una, varias lenguas de signos. Lo anterior se refleja en las 130 lenguas de se\u00f1as reconocidas en todo el mundo, si bien se cree que debido a que algunas de ellas se forman en peque\u00f1as comunidades ling\u00fc\u00edsticas, podr\u00edan existir hasta 300.<\/p>\n\n\n\n<p>Al igual que las tradiciones, el arte, las leyes o los valores y creencias, las lenguas \u4e00tanto habladas como de signos \u4e00 tambi\u00e9n son parte integrante de una cultura, y como tal, evolucionan junto a ella, adapt\u00e1ndose a diferentes contextos y a las necesidades sociales, culturales e hist\u00f3ricas de cada pa\u00eds o comunidad. Esto explica la gran diversidad y variedad existente entre unas y otras.<\/p>\n\n\n\n<p>En Espa\u00f1a, m\u00e1s concretamente, la lengua de signos espa\u00f1ola y la catalana se reconocieron ya en el a\u00f1o 2007. Algunos a\u00f1os m\u00e1s tarde, en 2018 para ser exactos, el Consejo de Patrimonio Hist\u00f3rico decidi\u00f3 declarar ambas lenguas como parte del Patrimonio Cultural Inmaterial del pa\u00eds. Adem\u00e1s, se estima que entre 70.000 y 100.000 personas aproximadamente conocen y practican estas lenguas. Y as\u00ed, en el a\u00f1o 2014 se fij\u00f3 el 14 de junio como D\u00eda Nacional de las Lenguas de Signos Espa\u00f1olas.<\/p>\n\n\n\n<p>En definitiva, las lenguas de signos tambi\u00e9n son idiomas y por ende, tambi\u00e9n es necesaria la protecci\u00f3n de los derechos ling\u00fc\u00edsticos de quienes las utilizan y practican.<\/p>\n\n\n\n<p><strong>REFERENCIAS<\/strong><\/p>\n\n\n\n<p>Accedes. 2020. <em>\u201c70.000 personas usan la lengua de signos en Espa\u00f1a\u201d. Disponible en: <a href=\"https:\/\/accedes.es\/70-000-personas-usan-la-lengua-de-signos-en-espana\/\">https:\/\/accedes.es\/70-000-personas-usan-la-lengua-de-signos-en-espana\/<\/a><\/em><\/p>\n\n\n\n<p>Confederaci\u00f3n Estatal de Personas Sordas. 2022. <em>\u201cLengua de Signos\u201d. Disponible en: <a href=\"https:\/\/www.cnse.es\/index.php\/lengua-de-signos\">https:\/\/www.cnse.es\/index.php\/lengua-de-signos<\/a><\/em><\/p>\n\n\n\n<p>Instituto de Ense\u00f1anza de la Lengua de Signos Espa\u00f1ola. 2022. <em>\u201c\u00bfQu\u00e9 es la Lengua de Signos Espa\u00f1ola?\u201d. Disponible en:\u00a0 <a href=\"https:\/\/ielse.es\/lengua-de-signos-espanola\/\">https:\/\/ielse.es\/lengua-de-signos-espanola\/<\/a><\/em><\/p>\n\n\n\n<p>Servicio de Informaci\u00f3n sobre Discapacidad. 2022.<em> \u201c\u00bfCu\u00e1ntos tipos de lengua de signos existen en el mundo?\u201d. Disponible en: <a href=\"https:\/\/sid-inico.usal.es\/noticias\/260869\/\">https:\/\/sid-inico.usal.es\/noticias\/260869\/<\/a><\/em><\/p>\n\n\n\n<div style=\"height:20px\" aria-hidden=\"true\" class=\"wp-block-spacer\"><\/div>\n\n\n\n<p><em>* Imagen:  <a rel=\"noreferrer noopener\" href=\"https:\/\/news.un.org\/en\/story\/2018\/09\/1019922\" target=\"_blank\">UN Photo\/Loey Felipe<\/a><\/em><\/p>\n\n\n\n<hr class=\"wp-block-separator\"\/>\n\n\n\n<p><strong><em>Amets Aurrekoetxea Vallejo. <\/em><\/strong><em>Alumna del doble grado en Relaciones Internacionales y Derecho de la Universidad de Deusto.<\/em><a href=\"http:\/\/www.linkedin.com\/in\/amets-aurrekoetxea-vallejo-453855254\"><em> www.linkedin.com\/in\/amets-aurrekoetxea-vallejo-453855254<\/em><\/a><\/p>\n","protected":false},"excerpt":{"rendered":"<p>Cuando las cuerdas vocales no pueden emitir sonidos, cuando los o\u00eddos no son capaces de escuchar, es entonces cuando los ojos oyen y las manos hablan. \u00bfQu\u00e9 es realmente la lengua de signos o lengua de se\u00f1as? Seg\u00fan la Confederaci\u00f3n Estatal de Personas Sordas se trata de \u201cla lengua natural de car\u00e1cter visual, gestual y [&hellip;]<\/p>\n","protected":false},"author":2,"featured_media":4310,"comment_status":"open","ping_status":"open","sticky":false,"template":"","format":"standard","meta":{"_acf_changed":false,"footnotes":""},"categories":[541],"tags":[],"class_list":["post-4312","post","type-post","status-publish","format-standard","has-post-thumbnail","hentry","category-words-en"],"acf":[],"_links":{"self":[{"href":"https:\/\/dame1minutode.org\/en\/wp-json\/wp\/v2\/posts\/4312","targetHints":{"allow":["GET"]}}],"collection":[{"href":"https:\/\/dame1minutode.org\/en\/wp-json\/wp\/v2\/posts"}],"about":[{"href":"https:\/\/dame1minutode.org\/en\/wp-json\/wp\/v2\/types\/post"}],"author":[{"embeddable":true,"href":"https:\/\/dame1minutode.org\/en\/wp-json\/wp\/v2\/users\/2"}],"replies":[{"embeddable":true,"href":"https:\/\/dame1minutode.org\/en\/wp-json\/wp\/v2\/comments?post=4312"}],"version-history":[{"count":0,"href":"https:\/\/dame1minutode.org\/en\/wp-json\/wp\/v2\/posts\/4312\/revisions"}],"wp:featuredmedia":[{"embeddable":true,"href":"https:\/\/dame1minutode.org\/en\/wp-json\/wp\/v2\/media\/4310"}],"wp:attachment":[{"href":"https:\/\/dame1minutode.org\/en\/wp-json\/wp\/v2\/media?parent=4312"}],"wp:term":[{"taxonomy":"category","embeddable":true,"href":"https:\/\/dame1minutode.org\/en\/wp-json\/wp\/v2\/categories?post=4312"},{"taxonomy":"post_tag","embeddable":true,"href":"https:\/\/dame1minutode.org\/en\/wp-json\/wp\/v2\/tags?post=4312"}],"curies":[{"name":"wp","href":"https:\/\/api.w.org\/{rel}","templated":true}]}}