{"id":5848,"date":"2024-11-12T11:23:28","date_gmt":"2024-11-12T10:23:28","guid":{"rendered":"https:\/\/dame1minutode.org\/?p=5848"},"modified":"2024-11-12T11:27:16","modified_gmt":"2024-11-12T10:27:16","slug":"estreno-del-documental-erromintxela-senderos-y-raices-en-fair-saturday-2024","status":"publish","type":"post","link":"https:\/\/dame1minutode.org\/en\/estreno-del-documental-erromintxela-senderos-y-raices-en-fair-saturday-2024\/","title":{"rendered":"Estreno del documental \u00abErromintxela. Senderos y ra\u00edces\u00bb en Fair Saturday 2024"},"content":{"rendered":"\n<p><strong><em>Os invitamos al estreno del documental \u00abErromintxela. Senderos y ra\u00edces\u00bb de Marta Las Heras y Ainhoa Zamanillo que tendr\u00e1 lugar el pr\u00f3ximo 30 de noviembre a las 18:00h en el Museo Guggenheim Bilbao<\/em><\/strong>. <strong><em>Entrada gratuita<\/em><\/strong>.<\/p>\n\n\n\n<p>En el marco del Festival Fair Saturday 2024, durante su jornada para el arte y la cultura con impacto social, y del programa TopARTE del Museo Guggenheim Bilbao, se estrena el documental \u2018Erromintxela. Senderos y ra\u00edces\u2019, dirigido por Marta Las Heras y Ainhoa Zamanillo, ganadoras del gran premio en la 13\u00aa edici\u00f3n de nuestro concurso \u00ab<a href=\"https:\/\/dame1minutode.org\/ediciones\/premiados-2022\/\">Dame 1 Minuto de \u2013 Palabras<\/a>\u00bb.<\/p>\n\n\n\n<p>Tras el documental tendr\u00e1 lugar un coloquio con las directoras y disfrutaremos del lanzamiento p\u00fablico de la nueva edici\u00f3n: \u00ab<strong><a href=\"https:\/\/dame1minutode.org\/en\/what-is\/\">Dame 1 Minuto de \u2013 PAZ<\/a><\/strong>\u00bb, dedicada al derecho humano a la paz y a la cultura de paz.<\/p>\n\n\n\n<p><strong>SINOPSIS DE \u2018ERROMINTXELA. SENDEROS Y RA\u00cdCES\u2019<br><\/strong>En el documental nos adentramos en el fascinante viaje del pueblo gitano, que tiene su origen en el noroeste de India. A finales del siglo XIV, tras la ca\u00edda de Europa Oriental ante el Imperio Otomano. El pueblo gitano comenz\u00f3 a dispersarse por todo el continente, llegando entre otros sitios a Euskal Herria en el siglo XV.<\/p>\n\n\n\n<p>Durante su estancia, esta comunidad logr\u00f3 adaptarse a las condiciones l\u00e9xico-gramaticales del euskera y el roman\u00f3, lo que dio lugar al erromintxela, un habla que refleja la rica interconexi\u00f3n cultural entre ambos pueblos. Gracias a esta evoluci\u00f3n, los y las gitanas erromintxelas han desarrollado una identidad \u00fanica que simboliza su notable capacidad de adaptaci\u00f3n y resistencia. Sin embargo, lamentablemente, hoy en d\u00eda, del hablante de erromintxela apenas queda rastro.<\/p>\n\n\n\n<div style=\"height:17px\" aria-hidden=\"true\" class=\"wp-block-spacer\"><\/div>\n\n\n\n<hr class=\"wp-block-separator has-alpha-channel-opacity\"\/>\n\n\n\n<div style=\"height:17px\" aria-hidden=\"true\" class=\"wp-block-spacer\"><\/div>\n\n\n\n<p class=\"has-text-align-center\"><strong>Actividad gratuita. <\/strong><a href=\"https:\/\/www.guggenheim-bilbao.eus\/actividades\/proyeccion-festival-fair-saturday-noviembre-2024\" target=\"_blank\" rel=\"noreferrer noopener\"><strong>Reserva tu entrada<\/strong><\/a><\/p>\n\n\n\n<hr class=\"wp-block-separator has-alpha-channel-opacity\"\/>\n\n\n\n<div style=\"height:27px\" aria-hidden=\"true\" class=\"wp-block-spacer\"><\/div>\n\n\n\n<p>Te dejamos con el avance del documental:<\/p>\n\n\n\n<figure class=\"wp-block-embed is-type-video is-provider-youtube wp-block-embed-youtube wp-embed-aspect-16-9 wp-has-aspect-ratio\"><div class=\"wp-block-embed__wrapper\">\n<div class=\"videoWrapper\"><iframe loading=\"lazy\" title=\"Erromintxela: Senderos y Ra\u00edces - Khupido Media\" width=\"500\" height=\"281\" src=\"https:\/\/www.youtube.com\/embed\/atfad5M0Ugs?feature=oembed\" frameborder=\"0\" allow=\"accelerometer; autoplay; clipboard-write; encrypted-media; gyroscope; picture-in-picture; web-share\" referrerpolicy=\"strict-origin-when-cross-origin\" allowfullscreen><\/iframe><\/div>\n<\/div><\/figure>\n","protected":false},"excerpt":{"rendered":"<p>Os invitamos al estreno del documental \u00abErromintxela. Senderos y ra\u00edces\u00bb de Marta Las Heras y Ainhoa Zamanillo que tendr\u00e1 lugar el pr\u00f3ximo 30 de noviembre a las 18:00h en el Museo Guggenheim Bilbao. Entrada gratuita. En el marco del Festival Fair Saturday 2024, durante su jornada para el arte y la cultura con impacto social, [&hellip;]<\/p>\n","protected":false},"author":2,"featured_media":5846,"comment_status":"open","ping_status":"open","sticky":false,"template":"","format":"standard","meta":{"_acf_changed":false,"footnotes":""},"categories":[516,560],"tags":[],"class_list":["post-5848","post","type-post","status-publish","format-standard","has-post-thumbnail","hentry","category-actos-y-galas-en","category-peace"],"acf":[],"_links":{"self":[{"href":"https:\/\/dame1minutode.org\/en\/wp-json\/wp\/v2\/posts\/5848","targetHints":{"allow":["GET"]}}],"collection":[{"href":"https:\/\/dame1minutode.org\/en\/wp-json\/wp\/v2\/posts"}],"about":[{"href":"https:\/\/dame1minutode.org\/en\/wp-json\/wp\/v2\/types\/post"}],"author":[{"embeddable":true,"href":"https:\/\/dame1minutode.org\/en\/wp-json\/wp\/v2\/users\/2"}],"replies":[{"embeddable":true,"href":"https:\/\/dame1minutode.org\/en\/wp-json\/wp\/v2\/comments?post=5848"}],"version-history":[{"count":0,"href":"https:\/\/dame1minutode.org\/en\/wp-json\/wp\/v2\/posts\/5848\/revisions"}],"wp:featuredmedia":[{"embeddable":true,"href":"https:\/\/dame1minutode.org\/en\/wp-json\/wp\/v2\/media\/5846"}],"wp:attachment":[{"href":"https:\/\/dame1minutode.org\/en\/wp-json\/wp\/v2\/media?parent=5848"}],"wp:term":[{"taxonomy":"category","embeddable":true,"href":"https:\/\/dame1minutode.org\/en\/wp-json\/wp\/v2\/categories?post=5848"},{"taxonomy":"post_tag","embeddable":true,"href":"https:\/\/dame1minutode.org\/en\/wp-json\/wp\/v2\/tags?post=5848"}],"curies":[{"name":"wp","href":"https:\/\/api.w.org\/{rel}","templated":true}]}}