{"id":6109,"date":"2025-01-29T14:56:39","date_gmt":"2025-01-29T13:56:39","guid":{"rendered":"https:\/\/dame1minutode.org\/?p=6109"},"modified":"2025-01-29T14:56:39","modified_gmt":"2025-01-29T13:56:39","slug":"migracion-y-paz-a-traves-de-la-cancion-danny-nedelko-de-idles","status":"publish","type":"post","link":"https:\/\/dame1minutode.org\/en\/migracion-y-paz-a-traves-de-la-cancion-danny-nedelko-de-idles\/","title":{"rendered":"Migraci\u00f3n y paz a trav\u00e9s de la canci\u00f3n Danny Nedelko de IDLES"},"content":{"rendered":"\n<p>En esta entrada del blog quisiera comentar la letra de una canci\u00f3n de la banda de \u201cpunk\u201d brit\u00e1nica IDLES. Este grupo con amplia trayectoria y un \u00e9xito enorme en estos momentos, ha conseguido incluir en las listas de canciones m\u00e1s escuchadas mensajes con un fuerte contenido social que, como poco, dan lugar a la reflexi\u00f3n cr\u00edtica sobre diversas problem\u00e1ticas sociales.<\/p>\n\n\n\n<p>La canci\u00f3n <em>Danny Nedelko<\/em>, uno de los temas m\u00e1s exitosos de la banda, trata sobre un amigo migrante del cantante Joe Talbot y es definido por la cr\u00edtica como un himno de solidaridad con las personas migrantes. Con el tono \u201cenfadado\u201d y \u201cduro\u201d propio del g\u00e9nero, la canci\u00f3n menciona repetidamente que su amigo es un ciudadano, que es fuerte, que es inocente y que est\u00e1 hecho de amor. El tema no para de aludir a la dignidad que merece su amigo, visibilizando a su vez la complicada realidad a la que se enfrenta.<\/p>\n\n\n\n<p>Con ello, se conduce a un estribillo pegadizo y directo:<\/p>\n\n\n<div class=\"wp-block-image\">\n<figure class=\"aligncenter size-full\"><img loading=\"lazy\" decoding=\"async\" width=\"524\" height=\"115\" src=\"https:\/\/dame1minutode.org\/wp-content\/uploads\/2025\/01\/idles.png\" alt=\"\" class=\"wp-image-6099\" srcset=\"https:\/\/dame1minutode.org\/wp-content\/uploads\/2025\/01\/idles.png 524w, https:\/\/dame1minutode.org\/wp-content\/uploads\/2025\/01\/idles-300x66.png 300w\" sizes=\"auto, (max-width: 524px) 100vw, 524px\" \/><\/figure>\n<\/div>\n\n\n<div style=\"height:27px\" aria-hidden=\"true\" class=\"wp-block-spacer\"><\/div>\n\n\n\n<p>Un miedo, originado por el desconocimiento de otras realidades, trae consigo p\u00e1nico, una emoci\u00f3n destructiva que da\u00f1a a las personas, de ah\u00ed se genera frustraci\u00f3n o enfado y el enfado se convierte en odio. Por ello, con estas palabras se alude con claridad al origen absurdo detr\u00e1s de los discursos de odio, a trav\u00e9s de los mecanismos por los cuales un miedo infundado se acaba transformando en aversi\u00f3n y produce un enorme problema social contrario, en todos los niveles, a la cultura de paz.<\/p>\n\n\n\n<p>En un tono optimista, la canci\u00f3n versa de construir, de que su amigo est\u00e1 hecho \u201cde m\u00ed y de t\u00ed\u201d, de la necesidad de unidad y de que debemos afrontar el reto de visibilizar a las personas migrantes con amor. Esta es tambi\u00e9n la forma en la que tenemos que plantear el camino hacia una paz positiva.<\/p>\n\n\n\n<p>M\u00e1s all\u00e1 de la propia letra de la canci\u00f3n, la escenograf\u00eda cuando presentan el tema en directo (personalmente he tenido la suerte de verles 3 veces), es de acercamiento al p\u00fablico. Aparte del enorme \u00e9xito de la canci\u00f3n entre sus fans y de que el p\u00fablico est\u00e9 cantando la letra, ellos conectan de forma especial con la audiencia, bajando del escenario e integr\u00e1ndose entre el p\u00fablico, plasmando ese mensaje de unidad y compa\u00f1erismo que promueve la canci\u00f3n.<\/p>\n\n\n\n<p>Por si fuera poco, recientemente el grupo realiz\u00f3 una colaboraci\u00f3n con Banksy (artista conocido por sus reivindicaciones sociales) en la que, mientras interpretaban el tema <em>Danny Nedelko<\/em>, se mov\u00eda a trav\u00e9s del p\u00fablico una balsa llena de mu\u00f1ecos sin rostro del tama\u00f1o de personas con un chaleco salvavidas. De esta manera se estaban denunciando las terribles condiciones en las que los y las inmigrantes se ven obligados\/as a cruzar el mar en patera en busca de una vida mejor.<\/p>\n\n\n\n<p>Si he rescatado esta letra para el blog de \u201cDame 1 minuto de Paz\u201d es porque la protecci\u00f3n, la visibilizaci\u00f3n y el entendimiento de las personas migrantes es y debe ser una prioridad para acabar con discursos de odio y los perjuicios que estos generan en el camino hacia la paz. Es un arduo camino que, con ayuda de elementos de la cultura, incluso cultura popular, podemos recorrer contribuyendo a generar lazos comunitarios y formar paz.<\/p>\n\n\n\n<div style=\"height:27px\" aria-hidden=\"true\" class=\"wp-block-spacer\"><\/div>\n\n\n\n<hr class=\"wp-block-separator has-alpha-channel-opacity\"\/>\n\n\n\n<p><em><strong>Unai Ortiz Urbizu<\/strong>. Alumno del grado en Filosof\u00eda, Pol\u00edtica y Econom\u00eda de la Universidad de Deusto. <a href=\"http:\/\/www.linkedin.com\/in\/unai-ortiz-858814217\" target=\"_blank\" rel=\"noreferrer noopener\">www.linkedin.com\/in\/unai-ortiz-858814217<\/a><\/em><\/p>\n\n\n\n<div style=\"height:27px\" aria-hidden=\"true\" class=\"wp-block-spacer\"><\/div>\n\n\n\n<p><em>Imagen portada: <em><em><a href=\"https:\/\/x.com\/LLiamJL\/status\/1808598323483529444\/photo\/1\" target=\"_blank\" rel=\"noreferrer noopener\">X \/ @LLiamJL<\/a><\/em><\/em><\/em><\/p>\n\n\n\n<p><\/p>\n","protected":false},"excerpt":{"rendered":"<p>En esta entrada del blog quisiera comentar la letra de una canci\u00f3n de la banda de \u201cpunk\u201d brit\u00e1nica IDLES. Este grupo con amplia trayectoria y un \u00e9xito enorme en estos momentos, ha conseguido incluir en las listas de canciones m\u00e1s escuchadas mensajes con un fuerte contenido social que, como poco, dan lugar a la reflexi\u00f3n [&hellip;]<\/p>\n","protected":false},"author":2,"featured_media":6104,"comment_status":"open","ping_status":"open","sticky":false,"template":"","format":"standard","meta":{"_acf_changed":false,"footnotes":""},"categories":[560],"tags":[],"class_list":["post-6109","post","type-post","status-publish","format-standard","has-post-thumbnail","hentry","category-peace"],"acf":[],"_links":{"self":[{"href":"https:\/\/dame1minutode.org\/en\/wp-json\/wp\/v2\/posts\/6109","targetHints":{"allow":["GET"]}}],"collection":[{"href":"https:\/\/dame1minutode.org\/en\/wp-json\/wp\/v2\/posts"}],"about":[{"href":"https:\/\/dame1minutode.org\/en\/wp-json\/wp\/v2\/types\/post"}],"author":[{"embeddable":true,"href":"https:\/\/dame1minutode.org\/en\/wp-json\/wp\/v2\/users\/2"}],"replies":[{"embeddable":true,"href":"https:\/\/dame1minutode.org\/en\/wp-json\/wp\/v2\/comments?post=6109"}],"version-history":[{"count":0,"href":"https:\/\/dame1minutode.org\/en\/wp-json\/wp\/v2\/posts\/6109\/revisions"}],"wp:featuredmedia":[{"embeddable":true,"href":"https:\/\/dame1minutode.org\/en\/wp-json\/wp\/v2\/media\/6104"}],"wp:attachment":[{"href":"https:\/\/dame1minutode.org\/en\/wp-json\/wp\/v2\/media?parent=6109"}],"wp:term":[{"taxonomy":"category","embeddable":true,"href":"https:\/\/dame1minutode.org\/en\/wp-json\/wp\/v2\/categories?post=6109"},{"taxonomy":"post_tag","embeddable":true,"href":"https:\/\/dame1minutode.org\/en\/wp-json\/wp\/v2\/tags?post=6109"}],"curies":[{"name":"wp","href":"https:\/\/api.w.org\/{rel}","templated":true}]}}