{"id":6936,"date":"2026-02-20T09:24:30","date_gmt":"2026-02-20T08:24:30","guid":{"rendered":"https:\/\/dame1minutode.org\/?p=6936"},"modified":"2026-02-23T17:02:39","modified_gmt":"2026-02-23T16:02:39","slug":"composicion-del-jurado-de-la-xvi-edicion-dame-1-minuto-de-cultura","status":"publish","type":"post","link":"https:\/\/dame1minutode.org\/en\/composicion-del-jurado-de-la-xvi-edicion-dame-1-minuto-de-cultura\/","title":{"rendered":"Composici\u00f3n del jurado de la XVI edici\u00f3n, \u2018Dame 1 minuto de Cultura\u2019"},"content":{"rendered":"\n<p>Para la selecci\u00f3n de los cortos ganadores de la XVI edici\u00f3n del concurso contamos con un jurado excepcional compuesto por&nbsp;Rebeca Ledesma, Elena Zani Mongelli,&nbsp;Jone Casillas, Itziar Idiazabal,&nbsp;Anita Hichaicoto, Leire Pascual, Itziar Rubio, Gorka Gamarra, Maite Alonso y Monika V\u00e1zquez.<\/p>\n\n\n\n<p>Se reunir\u00e1n para deliberar el 23 de febrero en la sede de UN Etxea. Tras esta reuni\u00f3n, los v\u00eddeos finalistas se anunciar\u00e1n al d\u00eda siguiente, tanto en esta misma p\u00e1gina web como en las redes sociales del concurso.<\/p>\n\n\n\n<p><strong>La entrega de premios est\u00e1 prevista para el 13 de marzo, viernes, a las 19:00h. en la sala Ereaga de <a href=\"https:\/\/goo.gl\/maps\/yJxcJS4rHum48et16\" target=\"_blank\" rel=\"noreferrer noopener\">Muxikebarri Zentroa<\/a>, en Getxo.<\/strong> En este evento se proyectar\u00e1n todos los v\u00eddeos finalistas y se dar\u00e1n a conocer finalmente los v\u00eddeos ganadores en cada una de las categor\u00edas.<\/p>\n\n\n\n<p>Pronto os daremos m\u00e1s detalles de la ceremonia y abriremos un formulario de inscripci\u00f3n que estar\u00e1 tambi\u00e9n disponible en esta p\u00e1gina web.<\/p>\n\n\n\n<hr class=\"wp-block-separator has-css-opacity is-style-dots\"\/>\n\n\n\n<p><strong>Elena Zani.&nbsp;<\/strong><em>Ayuntamiento de Bilbao<\/em>. <em>\u00c1rea de cooperaci\u00f3n al desarrollo<\/em>.<\/p>\n\n\n<div class=\"wp-block-image is-resized is-style-rounded\">\n<figure class=\"alignleft size-full\"><img loading=\"lazy\" decoding=\"async\" width=\"411\" height=\"380\" src=\"https:\/\/dame1minutode.org\/wp-content\/uploads\/2026\/02\/elena-zani.jpg\" alt=\"\" class=\"wp-image-6905\" style=\"width:214px;height:auto\" srcset=\"https:\/\/dame1minutode.org\/wp-content\/uploads\/2026\/02\/elena-zani.jpg 411w, https:\/\/dame1minutode.org\/wp-content\/uploads\/2026\/02\/elena-zani-300x277.jpg 300w\" sizes=\"auto, (max-width: 411px) 100vw, 411px\" \/><\/figure>\n<\/div>\n\n\n<p>Me gradu\u00e9 en Comunicaci\u00f3n de las Instituciones P\u00fablicas y me especialic\u00e9 con un M\u00e1ster en Sociolog\u00eda Jur\u00eddica y Desarrollo Sostenible. Hace seis a\u00f1os vine desde Italia a buscarme la vida en Euskal Herria y ahora trabajo como t\u00e9cnica de apoyo en el \u00e1rea de Cooperaci\u00f3n al Desarrollo del Ayuntamiento de Bilbao.<\/p>\n\n\n\n<p><\/p>\n\n\n\n<hr class=\"wp-block-separator has-css-opacity is-style-dots\"\/>\n\n\n\n<p><strong><strong>Jone Casillas<\/strong>.&nbsp;<\/strong><em>Ayuntamiento de Bilbao<\/em>. <em><em><em>\u00c1rea de Derechos Humanos, Convivencia, Cooperaci\u00f3n e Interculturalidad<\/em><\/em><\/em>.<\/p>\n\n\n<div class=\"wp-block-image is-style-rounded\">\n<figure class=\"alignleft size-full is-resized\"><img loading=\"lazy\" decoding=\"async\" width=\"700\" height=\"700\" src=\"https:\/\/dame1minutode.org\/wp-content\/uploads\/2026\/02\/jone-casillas-1.jpg\" alt=\"\" class=\"wp-image-6917\" style=\"width:216px;height:auto\" srcset=\"https:\/\/dame1minutode.org\/wp-content\/uploads\/2026\/02\/jone-casillas-1.jpg 700w, https:\/\/dame1minutode.org\/wp-content\/uploads\/2026\/02\/jone-casillas-1-300x300.jpg 300w, https:\/\/dame1minutode.org\/wp-content\/uploads\/2026\/02\/jone-casillas-1-150x150.jpg 150w\" sizes=\"auto, (max-width: 700px) 100vw, 700px\" \/><\/figure>\n<\/div>\n\n\n<p>Graduada en Educaci\u00f3n Social y finalizando su especializaci\u00f3n en Desarrollo y Cooperaci\u00f3n Internacional por el Instituto Hegoa y la EHU.<\/p>\n\n\n\n<p>Ha desarrollado su trayectoria profesional en el \u00e1mbito socioeducativo y de la acci\u00f3n humanitaria, trabajando con comunidades ind\u00edgenas amaz\u00f3nicas en procesos comunitarios en Per\u00fa, as\u00ed como en la intervenci\u00f3n con j\u00f3venes y mujeres en contextos de vulnerabilidad en entidades locales. <strong>&nbsp;<\/strong><\/p>\n\n\n\n<p>Actualmente trabaja como T\u00e9cnica de Interculturalidad en el Ayuntamiento de Bilbao.<\/p>\n\n\n\n<hr class=\"wp-block-separator has-css-opacity is-style-dots\"\/>\n\n\n\n<p><strong><strong>Rebeca Ledesma<\/strong>.&nbsp;<\/strong><em>Ayuntamiento de Getxo<\/em>. <em><em>\u00c1rea de Cohesi\u00f3n Social<\/em><\/em>.<\/p>\n\n\n<div class=\"wp-block-image is-resized is-style-rounded\">\n<figure class=\"alignleft size-full\"><img loading=\"lazy\" decoding=\"async\" width=\"800\" height=\"800\" src=\"https:\/\/dame1minutode.org\/wp-content\/uploads\/2026\/02\/rebeca-ledesma.jpg\" alt=\"\" class=\"wp-image-6961\" style=\"width:214px;height:auto\" srcset=\"https:\/\/dame1minutode.org\/wp-content\/uploads\/2026\/02\/rebeca-ledesma.jpg 800w, https:\/\/dame1minutode.org\/wp-content\/uploads\/2026\/02\/rebeca-ledesma-300x300.jpg 300w, https:\/\/dame1minutode.org\/wp-content\/uploads\/2026\/02\/rebeca-ledesma-150x150.jpg 150w, https:\/\/dame1minutode.org\/wp-content\/uploads\/2026\/02\/rebeca-ledesma-768x768.jpg 768w\" sizes=\"auto, (max-width: 800px) 100vw, 800px\" \/><\/figure>\n<\/div>\n\n\n<p>Graduada en Trabajo Social por la EHU, postgrado como T\u00e9cnica de Igualdad y postgrado de Buen Trato a la Infancia y a la Adolescencia con amplia experiencia en los servicios sociales municipales.<\/p>\n\n\n\n<p>Actualmente es t\u00e9cnica de intervenci\u00f3n comunitaria en el \u00c1rea de Cohesi\u00f3n Social del Ayuntamiento de Getxo asumiendo las \u00e1reas de Cooperaci\u00f3n al Desarrollo y Educaci\u00f3n.<\/p>\n\n\n\n<hr class=\"wp-block-separator has-css-opacity is-style-dots\"\/>\n\n\n\n<p><strong>Itziar Idiazabal. <\/strong><em>Catedr\u00e1tica del Departamento de Ling\u00fc\u00edstica y Estudios Vascos de la Universidad del Pa\u00eds Vasco&nbsp;y coordinadora hasta el 2018 de la C\u00e1tedra UNESCO de Patrimonio Ling\u00fc\u00edstico Mundial<\/em>.<\/p>\n\n\n<div class=\"wp-block-image is-resized is-style-rounded\">\n<figure class=\"alignleft\"><img loading=\"lazy\" decoding=\"async\" width=\"466\" height=\"310\" src=\"https:\/\/dame1minutode.org\/wp-content\/uploads\/2018\/02\/itiziar-i.jpg\" alt=\"\" class=\"wp-image-2279\" style=\"width:228px;height:auto\" srcset=\"https:\/\/dame1minutode.org\/wp-content\/uploads\/2018\/02\/itiziar-i.jpg 466w, https:\/\/dame1minutode.org\/wp-content\/uploads\/2018\/02\/itiziar-i-300x200.jpg 300w\" sizes=\"auto, (max-width: 466px) 100vw, 466px\" \/><\/figure>\n<\/div>\n\n\n<p>Catedr\u00e1tica de Filolog\u00eda Vasca en la EHU. Doctora por la Universidad de Ginebra (1983) donde realiz\u00f3 una tesis de Psicoling\u00fc\u00edstica experimental. Ha desarrollado varios proyectos de investigaci\u00f3n con el grupo ELEBILAB, &nbsp;sobre la adquisici\u00f3n del lenguaje de ni\u00f1os biling\u00fces, sobre el an\u00e1lisis discursivo del euskera y sobre la ense\u00f1anza biling\u00fce y multiling\u00fce incluyendo una lengua minorizada. Una de sus \u00faltimas publicaciones, editada con la profesora Garcia-Azkoaga en 2015, lleva por t\u00edtulo: <em>Para una ingenier\u00eda did\u00e1ctica de la educaci\u00f3n pluriling\u00fce<\/em>.<\/p>\n\n\n\n<p>Es tambi\u00e9n una de las autoras del Informe sobre las Lenguas del Mundo (Mart\u00ed et al. (2005) <em>Words and Worlds. World Language Review<\/em>. Entre 2007 y 2019 fue la coordinadora de la C\u00e1tedra UNESCO de Patrimonio Ling\u00fc\u00edstico Mundial de la EHU.<\/p>\n\n\n\n<hr class=\"wp-block-separator has-css-opacity is-style-dots\"\/>\n\n\n\n<p><strong>Anita Hichaicoto<\/strong> <strong>Topapori<\/strong>. T\u00e9cnica de Igualdad y Educaci\u00f3n para la Transformaci\u00f3n Social.<\/p>\n\n\n<div class=\"wp-block-image is-style-rounded\">\n<figure class=\"alignleft size-full is-resized\"><img loading=\"lazy\" decoding=\"async\" width=\"700\" height=\"697\" src=\"https:\/\/dame1minutode.org\/wp-content\/uploads\/2026\/02\/anita-hichaicoto.jpg\" alt=\"\" class=\"wp-image-6945\" style=\"width:205px;height:auto\" srcset=\"https:\/\/dame1minutode.org\/wp-content\/uploads\/2026\/02\/anita-hichaicoto.jpg 700w, https:\/\/dame1minutode.org\/wp-content\/uploads\/2026\/02\/anita-hichaicoto-300x300.jpg 300w, https:\/\/dame1minutode.org\/wp-content\/uploads\/2026\/02\/anita-hichaicoto-150x150.jpg 150w\" sizes=\"auto, (max-width: 700px) 100vw, 700px\" \/><\/figure>\n<\/div>\n\n\n<p>T\u00e9cnica de Igualdad y Educaci\u00f3n para la Transformaci\u00f3n Social, escritora y activista ecuatoguineana por los Derechos Humanos. Actualmente trabaja en Setem Hego Haizea y colabora como consultora de g\u00e9nero en diversos proyectos de igualdad y liderazgo femenino en Euskadi.<\/p>\n\n\n\n<p>Es cofundadora de la asociaci\u00f3n \u00c1frica en G\u00e9nero, militante de la Red de Defensores de Derechos Humanos de \u00c1frica Central (REDAACH), donde fue nominada por su labor en derechos humanos, y reconocida con el Premio Coraje de REDHAC. Su trabajo articula feminismos africanos, migraci\u00f3n y justicia social.<\/p>\n\n\n\n<hr class=\"wp-block-separator has-css-opacity is-style-dots\"\/>\n\n\n\n<p><strong>Maite Alonso.<\/strong><em> <\/em><em>Presidenta del Consejo Escolar de Euskadi.<\/em><\/p>\n\n\n<div class=\"wp-block-image is-style-rounded\">\n<figure class=\"alignleft is-resized\"><img loading=\"lazy\" decoding=\"async\" width=\"211\" height=\"305\" src=\"https:\/\/dame1minutode.org\/wp-content\/uploads\/2021\/02\/MaiteAlonso.jpg\" alt=\"\" class=\"wp-image-3354\" style=\"width:153px;height:auto\" srcset=\"https:\/\/dame1minutode.org\/wp-content\/uploads\/2021\/02\/MaiteAlonso.jpg 211w, https:\/\/dame1minutode.org\/wp-content\/uploads\/2021\/02\/MaiteAlonso-208x300.jpg 208w\" sizes=\"auto, (max-width: 211px) 100vw, 211px\" \/><\/figure>\n<\/div>\n\n\n<p>Diplomada en Magisterio por la rama de ciencias y Licenciada en Filosof\u00eda y Ciencias de la Educaci\u00f3n en la especialidad de Psicolog\u00eda Cl\u00ednica por la Universidad de Deusto.<\/p>\n\n\n\n<p>Docente desde 1984 hasta 1990, Directora del C.O.P. de Getxo entre 1990 y 2001 y Directora del Berritzegune de Getxo desde 2001 hasta 2010. Inspectora de Educaci\u00f3n en Bizkaia desde el 2010 a 2013. Fue Presidenta del Consejo Escolar de Euskadi desde 2013 hasta que en 2017 es nombrada Viceconsejera de Educaci\u00f3n del Gobierno Vasco cargo que desempe\u00f1ar\u00e1 hasta 2020. Desde entonces ocupa nuevamente el cargo de Presidenta del Consejo Escolar de Euskadi.<\/p>\n\n\n\n<hr class=\"wp-block-separator has-css-opacity is-style-dots\"\/>\n\n\n\n<p><strong>Leire Pascual.<\/strong><em> Secretaria t\u00e9cnica y asistente de direcci\u00f3n en Kultura, Communication y Desarrollo KCD ONGD.<\/em><\/p>\n\n\n<div class=\"wp-block-image is-resized is-style-rounded\">\n<figure class=\"alignleft size-full\"><img loading=\"lazy\" decoding=\"async\" width=\"700\" height=\"804\" src=\"https:\/\/dame1minutode.org\/wp-content\/uploads\/2024\/02\/KCD_Leire-Pascual-Basauri-tx.jpeg\" alt=\"\" class=\"wp-image-5442\" style=\"width:186px;height:auto\" srcset=\"https:\/\/dame1minutode.org\/wp-content\/uploads\/2024\/02\/KCD_Leire-Pascual-Basauri-tx.jpeg 700w, https:\/\/dame1minutode.org\/wp-content\/uploads\/2024\/02\/KCD_Leire-Pascual-Basauri-tx-261x300.jpeg 261w\" sizes=\"auto, (max-width: 700px) 100vw, 700px\" \/><\/figure>\n<\/div>\n\n\n<p>Licenciada en Derecho&nbsp;Jur\u00eddico, especialidad privada&nbsp;por la UD,&nbsp;M\u00e1ster de Abogac\u00eda y Pr\u00e1ctica Jur\u00eddica del Ilustre Colegio de Abogac\u00eda de Bizkaia.&nbsp;Ha ejercido en despacho profesional y en Oficina municipal de atenci\u00f3n a las Personas Consumidoras.&nbsp;<\/p>\n\n\n\n<p>Desde 2012 ejerce el cargo de secretaria t\u00e9cnica y asistente de direcci\u00f3n en la ONGD KULTURA COMMUNICATION DESARROLLO KCD, encargada de la gesti\u00f3n administrativa, contable-financiera, as\u00ed como de coordinaci\u00f3n de alumnado&nbsp;y voluntariado de la asociaci\u00f3n y coordinaci\u00f3n general y ejecuci\u00f3n del Festival Internacional de Cine Invisible \u201cFilm Sozialak\u201d de Bilbao, y&nbsp;actividades de Educaci\u00f3n y Comunicaci\u00f3n para la Transformaci\u00f3n Social en Euskadi.&nbsp;<\/p>\n\n\n\n<p>Tambi\u00e9n es&nbsp;Clown de hospital en \u201cIRRIKICLOWN\u201d, Asociaci\u00f3n de payasos\/as hospital de Bizkaia, acudiendo semanalmente al Hospital Universitario de Cruces a realizar intervenci\u00f3n en las plantas de oncolog\u00eda pedi\u00e1trica y pediatr\u00eda.&nbsp;Poeta, teatrera y crafter amateur, le encanta hacer re\u00edr y cuidar de las personas que le rodean.<\/p>\n\n\n\n<hr class=\"wp-block-separator has-css-opacity is-style-dots\"\/>\n\n\n\n<p><strong>Itziar Rubio.<\/strong><em> Directora de Desarrollo de Negocio en Urbegi Social Impact.<\/em><\/p>\n\n\n<div class=\"wp-block-image is-resized is-style-rounded\">\n<figure class=\"alignleft size-full\"><img loading=\"lazy\" decoding=\"async\" width=\"299\" height=\"299\" src=\"https:\/\/dame1minutode.org\/wp-content\/uploads\/2026\/02\/itziar-rubio.jpg\" alt=\"\" class=\"wp-image-6932\" style=\"width:186px;height:auto\" srcset=\"https:\/\/dame1minutode.org\/wp-content\/uploads\/2026\/02\/itziar-rubio.jpg 299w, https:\/\/dame1minutode.org\/wp-content\/uploads\/2026\/02\/itziar-rubio-150x150.jpg 150w\" sizes=\"auto, (max-width: 299px) 100vw, 299px\" \/><\/figure>\n<\/div>\n\n\n<p>Licenciada en Administraci\u00f3n y Direcci\u00f3n de empresas por la DBS especializada en Marketing, MBA en Habilidades Directivas y M\u00e1ster en Cooperaci\u00f3n Internacional Descentralizada y docente en diversos programas vinculados al emprendimiento cultural y creativo, siempre vinculada a la innovaci\u00f3n social a trav\u00e9s de proyectos basados en la colaboraci\u00f3n y el desarrollo territorial.<\/p>\n\n\n\n<p>Itziar ha vivido 8 a\u00f1os en diversos pa\u00edses de Am\u00e9rica Latina y ha trabajado en diversos pa\u00edses de Europa liderando diversos proyectos encaminados a estimular el emprendimiento cultural y creativo con impacto social y el di\u00e1logo intersectorial para lograr una transformaci\u00f3n social real desde una mirada sist\u00e9mica enfocada a la sostenibilidad. Para ello, durante estos \u00faltimos 15 a\u00f1os ha colaborado con diferentes organismos internacionales como UNESCO, AECID, Banco Interamericano de Desarrollo (BID), Gobierno Vasco, diversas ONGDs a trav\u00e9s del enfoque de derechos, g\u00e9nero, interculturalidad y participaci\u00f3n ciudadana como Ventana a la Diversidad, ALBOAN, Cruz Roja, y con el sector privado Fundaci\u00f3n Fair Saturday, Ship2B, Urbegi Social Impact entre otras.<\/p>\n\n\n\n<hr class=\"wp-block-separator has-css-opacity is-style-dots\"\/>\n\n\n\n<p><strong>M\u00f3nika V\u00e1zquez<\/strong><em>. <\/em><em><em><em>Profesora<\/em><\/em>.<\/em><\/p>\n\n\n<div class=\"wp-block-image is-resized is-style-rounded\">\n<figure class=\"alignleft size-full\"><img loading=\"lazy\" decoding=\"async\" width=\"690\" height=\"813\" src=\"https:\/\/dame1minutode.org\/wp-content\/uploads\/2024\/02\/Monika_Vazqueztx-1.jpg\" alt=\"\" class=\"wp-image-5448\" style=\"width:177px;height:auto\" srcset=\"https:\/\/dame1minutode.org\/wp-content\/uploads\/2024\/02\/Monika_Vazqueztx-1.jpg 690w, https:\/\/dame1minutode.org\/wp-content\/uploads\/2024\/02\/Monika_Vazqueztx-1-255x300.jpg 255w\" sizes=\"auto, (max-width: 690px) 100vw, 690px\" \/><\/figure>\n<\/div>\n\n\n<p>Licenciada en Psicolog\u00eda (Universidad del Pa\u00eds Vasco) y Postgrado en Educaci\u00f3n Intercultural (Universidad de Deusto) . Durante m\u00e1s de 20 a\u00f1os fue responsable del \u00e1rea de educaci\u00f3n de UN Etxea donde coordin\u00f3 numerosos proyectos y publicaciones sobre educaci\u00f3n para la transformaci\u00f3n social. Actualmente es profesora de formaci\u00f3n profesional.<\/p>\n\n\n\n<p>Durante m\u00e1s de veinte a\u00f1os fue miembro del equipo de coordinaci\u00f3n estatal de la red de escuelas asociadas a la UNESCO de Espa\u00f1a y coordinadora de las escuelas asociadas a la UNESCO de Euskadi.<\/p>\n\n\n\n<p>Desde su creaci\u00f3n en 2007 y durante m\u00e1s de diez a\u00f1os fue miembro de la junta directiva del Foro de asociaciones de educaci\u00f3n en derechos humanos y por la paz.<\/p>\n\n\n\n<hr class=\"wp-block-separator has-css-opacity is-style-dots\"\/>\n\n\n\n<p><strong>Gorka Gamarra<\/strong><em>. <em><em>Documentalista<\/em><\/em>.<\/em><\/p>\n\n\n<div class=\"wp-block-image is-resized is-style-rounded\">\n<figure class=\"alignleft size-full\"><img loading=\"lazy\" decoding=\"async\" width=\"258\" height=\"258\" src=\"https:\/\/dame1minutode.org\/wp-content\/uploads\/2026\/02\/gorka-gamarra.png\" alt=\"\" class=\"wp-image-6955\" style=\"width:177px;height:auto\" srcset=\"https:\/\/dame1minutode.org\/wp-content\/uploads\/2026\/02\/gorka-gamarra.png 258w, https:\/\/dame1minutode.org\/wp-content\/uploads\/2026\/02\/gorka-gamarra-150x150.png 150w\" sizes=\"auto, (max-width: 258px) 100vw, 258px\" \/><\/figure>\n<\/div>\n\n\n<p>Gorka Gamarra es jurista con m\u00e1s de veinte a\u00f1os de experiencia internacional en gobernanza democr\u00e1tica, procesos electorales y derechos humanos. Ha trabajado para Naciones Unidas (PNUD y UNESCO), la Uni\u00f3n Europea y la OCDE, apoyando reformas institucionales, \u00f3rganos de gesti\u00f3n electoral, parlamentos y comisiones nacionales de derechos humanos en \u00c1frica, el Oc\u00e9ano \u00cdndico y Oriente Medio, especialmente en Estados fr\u00e1giles y en contextos de postconflicto. Su trayectoria combina asesor\u00eda jur\u00eddica y pol\u00edtica con el dise\u00f1o e implementaci\u00f3n de programas en materia de estado de derecho, elecciones, derechos humanos, igualdad de g\u00e9nero y fortalecimiento institucional.<\/p>\n\n\n\n<p>Su enfoque metodol\u00f3gico integra el an\u00e1lisis jur\u00eddico-pol\u00edtico con herramientas narrativas y audiovisuales como instrumentos de transformaci\u00f3n institucional y movilizaci\u00f3n social. Como documentalista y director, ha realizado los largometrajes <em>Umurage<\/em>, sobre justicia transicional en Ruanda, y <em>Lantanda<\/em>, sobre memoria hist\u00f3rica e identidad en Guinea-Bis\u00e1u, presentados en festivales internacionales. Es fundador de EarthEcho Communications (<a href=\"http:\/\/www.earthechocenter.org\">www.earthechocenter.org<\/a>), donde desarrolla materiales pedag\u00f3gicos en educaci\u00f3n c\u00edvica y democr\u00e1tica, incluyendo documentales, videos animados y web-casts dirigidos a promover la participaci\u00f3n ciudadana y el fortalecimiento institucional. Es licenciado en Derecho, posee un LL.M. en Derecho Europeo e Internacional y un diploma universitario en Administraci\u00f3n Electoral por la Universidad de la Sorbona.<\/p>\n","protected":false},"excerpt":{"rendered":"<p>Para la selecci\u00f3n de los cortos ganadores de la XVI edici\u00f3n del concurso contamos con un jurado excepcional compuesto por&nbsp;Rebeca Ledesma, Elena Zani Mongelli,&nbsp;Jone Casillas, Itziar Idiazabal,&nbsp;Anita Hichaicoto, Leire Pascual, Itziar Rubio, Gorka Gamarra, Maite Alonso y Monika V\u00e1zquez. Se reunir\u00e1n para deliberar el 23 de febrero en la sede de UN Etxea. Tras esta [&hellip;]<\/p>\n","protected":false},"author":2,"featured_media":6970,"comment_status":"open","ping_status":"open","sticky":false,"template":"","format":"standard","meta":{"_acf_changed":false,"footnotes":""},"categories":[527],"tags":[],"class_list":["post-6936","post","type-post","status-publish","format-standard","has-post-thumbnail","hentry","category-cultura-en"],"acf":[],"_links":{"self":[{"href":"https:\/\/dame1minutode.org\/en\/wp-json\/wp\/v2\/posts\/6936","targetHints":{"allow":["GET"]}}],"collection":[{"href":"https:\/\/dame1minutode.org\/en\/wp-json\/wp\/v2\/posts"}],"about":[{"href":"https:\/\/dame1minutode.org\/en\/wp-json\/wp\/v2\/types\/post"}],"author":[{"embeddable":true,"href":"https:\/\/dame1minutode.org\/en\/wp-json\/wp\/v2\/users\/2"}],"replies":[{"embeddable":true,"href":"https:\/\/dame1minutode.org\/en\/wp-json\/wp\/v2\/comments?post=6936"}],"version-history":[{"count":11,"href":"https:\/\/dame1minutode.org\/en\/wp-json\/wp\/v2\/posts\/6936\/revisions"}],"predecessor-version":[{"id":6982,"href":"https:\/\/dame1minutode.org\/en\/wp-json\/wp\/v2\/posts\/6936\/revisions\/6982"}],"wp:featuredmedia":[{"embeddable":true,"href":"https:\/\/dame1minutode.org\/en\/wp-json\/wp\/v2\/media\/6970"}],"wp:attachment":[{"href":"https:\/\/dame1minutode.org\/en\/wp-json\/wp\/v2\/media?parent=6936"}],"wp:term":[{"taxonomy":"category","embeddable":true,"href":"https:\/\/dame1minutode.org\/en\/wp-json\/wp\/v2\/categories?post=6936"},{"taxonomy":"post_tag","embeddable":true,"href":"https:\/\/dame1minutode.org\/en\/wp-json\/wp\/v2\/tags?post=6936"}],"curies":[{"name":"wp","href":"https:\/\/api.w.org\/{rel}","templated":true}]}}