{"id":6989,"date":"2026-02-24T13:55:38","date_gmt":"2026-02-24T12:55:38","guid":{"rendered":"https:\/\/dame1minutode.org\/?p=6989"},"modified":"2026-02-24T13:55:38","modified_gmt":"2026-02-24T12:55:38","slug":"finalistas-de-la-xvi-edicion-dame-1-minuto-de-cultura","status":"publish","type":"post","link":"https:\/\/dame1minutode.org\/en\/finalistas-de-la-xvi-edicion-dame-1-minuto-de-cultura\/","title":{"rendered":"Finalistas de la XVI Edici\u00f3n, \u2018Dame 1 minuto de CULTURA\u2019"},"content":{"rendered":"\n<p>Os anunciamos los <a href=\"https:\/\/unetxea.org\/dokumentuak\/D1MDKultura-finalistas.pdf\" target=\"_blank\" rel=\"noreferrer noopener\"><strong>cortos<\/strong> <strong>finalistas<\/strong><\/a> seleccionados por el <a href=\"https:\/\/dame1minutode.org\/en\/composicion-del-jurado-de-la-xvi-edicion-dame-1-minuto-de-cultura\/\" target=\"_blank\" rel=\"noreferrer noopener\">jurado<\/a> tras su deliberaci\u00f3n ayer, lunes 23 de febrero de 2026:<\/p>\n\n\n\n<div style=\"height:27px\" aria-hidden=\"true\" class=\"wp-block-spacer\"><\/div>\n\n\n\n<figure class=\"wp-block-gallery has-nested-images columns-default is-cropped wp-block-gallery-1 is-layout-flex wp-block-gallery-is-layout-flex\">\n<figure class=\"wp-block-image size-large\"><img loading=\"lazy\" decoding=\"async\" width=\"819\" height=\"1024\" data-id=\"6984\" src=\"https:\/\/dame1minutode.org\/wp-content\/uploads\/2026\/02\/D1MDKultura-finalistas-819x1024.png\" alt=\"\" class=\"wp-image-6984\" srcset=\"https:\/\/dame1minutode.org\/wp-content\/uploads\/2026\/02\/D1MDKultura-finalistas-819x1024.png 819w, https:\/\/dame1minutode.org\/wp-content\/uploads\/2026\/02\/D1MDKultura-finalistas-240x300.png 240w, https:\/\/dame1minutode.org\/wp-content\/uploads\/2026\/02\/D1MDKultura-finalistas-768x960.png 768w, https:\/\/dame1minutode.org\/wp-content\/uploads\/2026\/02\/D1MDKultura-finalistas.png 1080w\" sizes=\"auto, (max-width: 819px) 100vw, 819px\" \/><\/figure>\n<\/figure>\n\n\n\n<div style=\"height:27px\" aria-hidden=\"true\" class=\"wp-block-spacer\"><\/div>\n\n\n<div class=\"wp-block-image\">\n<figure class=\"aligncenter is-resized\"><a href=\"https:\/\/unetxea.org\/dokumentuak\/D1MDKultura-finalistas.pdf\" target=\"_blank\" rel=\"noreferrer noopener\"><img loading=\"lazy\" decoding=\"async\" width=\"336\" height=\"336\" src=\"https:\/\/dame1minutode.org\/wp-content\/uploads\/2014\/09\/pdf.jpg\" alt=\"\" class=\"wp-image-152\" style=\"width:88px;height:auto\" srcset=\"https:\/\/dame1minutode.org\/wp-content\/uploads\/2014\/09\/pdf.jpg 336w, https:\/\/dame1minutode.org\/wp-content\/uploads\/2014\/09\/pdf-150x150.jpg 150w, https:\/\/dame1minutode.org\/wp-content\/uploads\/2014\/09\/pdf-300x300.jpg 300w\" sizes=\"auto, (max-width: 336px) 100vw, 336px\" \/><\/a><\/figure>\n<\/div>\n\n\n<div style=\"height:27px\" aria-hidden=\"true\" class=\"wp-block-spacer\"><\/div>\n\n\n\n<p>En esta XVI edici\u00f3n ha destacado la alta participaci\u00f3n con 75 inscripciones recibidas. \u00a1Muchas gracias por vuestra creatividad, compromiso y fant\u00e1stico trabajo!.<\/p>\n\n\n\n<p>75 historias. 75 miradas. 75 maneras de defender los derechos culturales, la participaci\u00f3n de todas las personas en la vida cultural, la ense\u00f1anza art\u00edstica, la creaci\u00f3n, la libertad art\u00edstica, los derechos econ\u00f3micos y sociales de artistas, el acceso y el disfrute del patrimonio y otros equipamientos culturales y, en definitiva, 75 formas de decir alto y claro: la cultura es un derecho humano.<\/p>\n\n\n\n<p><strong>Sabremos cuales son los videos ganadores en la ceremonia de entrega de premios que se celebrar\u00e1 el<\/strong> <strong>13 de marzo, viernes, a las 19:00h., en <a href=\"https:\/\/goo.gl\/maps\/yJxcJS4rHum48et16\" data-type=\"link\" data-id=\"https:\/\/goo.gl\/maps\/yJxcJS4rHum48et16\" target=\"_blank\" rel=\"noreferrer noopener\">Muxikebarri Zentroa<\/a>, en Getxo<\/strong>, Bizkaia.<\/p>\n\n\n\n<p><strong>Pr\u00f3ximamente abriremos la inscripci\u00f3n<\/strong> para asistir a la ceremonia en esta misma p\u00e1gina web.<\/p>\n\n\n\n<p><strong>La ceremonia ser\u00e1 retransmitida en streaming<\/strong> por el <a href=\"https:\/\/www.youtube.com\/@UNetxea\" target=\"_blank\" rel=\"noreferrer noopener\">canal YouTube de UN Etxea<\/a>.<\/p>\n\n\n\n<p>Os seguiremos informando puntualmente. \u00a1Estad atentxs!.<\/p>\n","protected":false},"excerpt":{"rendered":"<p>Os anunciamos los cortos finalistas seleccionados por el jurado tras su deliberaci\u00f3n ayer, lunes 23 de febrero de 2026: En esta XVI edici\u00f3n ha destacado la alta participaci\u00f3n con 75 inscripciones recibidas. \u00a1Muchas gracias por vuestra creatividad, compromiso y fant\u00e1stico trabajo!. 75 historias. 75 miradas. 75 maneras de defender los derechos culturales, la participaci\u00f3n de [&hellip;]<\/p>\n","protected":false},"author":2,"featured_media":3484,"comment_status":"open","ping_status":"open","sticky":false,"template":"","format":"standard","meta":{"_acf_changed":false,"footnotes":""},"categories":[527],"tags":[],"class_list":["post-6989","post","type-post","status-publish","format-standard","has-post-thumbnail","hentry","category-cultura-en"],"acf":[],"_links":{"self":[{"href":"https:\/\/dame1minutode.org\/en\/wp-json\/wp\/v2\/posts\/6989","targetHints":{"allow":["GET"]}}],"collection":[{"href":"https:\/\/dame1minutode.org\/en\/wp-json\/wp\/v2\/posts"}],"about":[{"href":"https:\/\/dame1minutode.org\/en\/wp-json\/wp\/v2\/types\/post"}],"author":[{"embeddable":true,"href":"https:\/\/dame1minutode.org\/en\/wp-json\/wp\/v2\/users\/2"}],"replies":[{"embeddable":true,"href":"https:\/\/dame1minutode.org\/en\/wp-json\/wp\/v2\/comments?post=6989"}],"version-history":[{"count":1,"href":"https:\/\/dame1minutode.org\/en\/wp-json\/wp\/v2\/posts\/6989\/revisions"}],"predecessor-version":[{"id":6993,"href":"https:\/\/dame1minutode.org\/en\/wp-json\/wp\/v2\/posts\/6989\/revisions\/6993"}],"wp:featuredmedia":[{"embeddable":true,"href":"https:\/\/dame1minutode.org\/en\/wp-json\/wp\/v2\/media\/3484"}],"wp:attachment":[{"href":"https:\/\/dame1minutode.org\/en\/wp-json\/wp\/v2\/media?parent=6989"}],"wp:term":[{"taxonomy":"category","embeddable":true,"href":"https:\/\/dame1minutode.org\/en\/wp-json\/wp\/v2\/categories?post=6989"},{"taxonomy":"post_tag","embeddable":true,"href":"https:\/\/dame1minutode.org\/en\/wp-json\/wp\/v2\/tags?post=6989"}],"curies":[{"name":"wp","href":"https:\/\/api.w.org\/{rel}","templated":true}]}}