{"id":2562,"date":"2019-02-07T12:00:17","date_gmt":"2019-02-07T11:00:17","guid":{"rendered":"https:\/\/dame1minutode.org\/?p=2562"},"modified":"2019-02-12T17:26:09","modified_gmt":"2019-02-12T16:26:09","slug":"composicion-del-jurado-de-la-9o-edicion-dame-1-minuto-de-interkultura","status":"publish","type":"post","link":"https:\/\/dame1minutode.org\/eu\/composicion-del-jurado-de-la-9o-edicion-dame-1-minuto-de-interkultura\/","title":{"rendered":"Composici\u00f3n del jurado de la 9\u00ba Edici\u00f3n, &#8216;Dame 1 minuto de InterKultura&#8217;"},"content":{"rendered":"<p>Tras finalizar el pasado 31 de enero el plazo de recepci\u00f3n de videos para la 9\u00ba Edici\u00f3n del concurso os presentamos a personas que componen el jurado de esta edici\u00f3n.<\/p>\n<p>Para la selecci\u00f3n de los cortos ganadores contamos con un jurado excepcional compuesto por Unai Aranzadi,\u00a0Bego\u00f1a Atin Arratibel, Greta Frankenfeld,\u00a0Aritz Galarza,\u00a0Unai Garc\u00eda Gallastegui,\u00a0Itziar Idiazabal,\u00a0Itziar Rubio, Elena Delgado y\u00a0N\u00e9lida Zaitegi.<\/p>\n<p><strong><br \/>\nUnai Aranzadi.\u00a0<\/strong><em>INDEPENDENT DOCS.<\/em><\/p>\n<p><img loading=\"lazy\" decoding=\"async\" class=\"alignleft\" src=\"https:\/\/www.promofest.org\/webfiles\/imagecache\/lightbox\/cortos\/large\/Foto_Director_Unai_Aranzadi.jpg\" width=\"270\" height=\"175\" \/><\/p>\n<p>Comenz\u00f3 su carrera en el departamento de cine de Canal+, cubriendo festivales como el de Cannes, Berl\u00edn o Rotterdam. En 2001 fund\u00f3 la productora de documentales INDEPENDENT DOCS, con base en Estocolmo (Suecia). Desde entonces ha cubierto las guerras de Israel, Libia, Irak, Afganist\u00e1n, Uganda, Nepal y el Congo, entre muchas otras.<\/p>\n<p>Tambi\u00e9n ha trabajado en los conflictos sociales y pol\u00edticos que se han desarrollado en numerosos pa\u00edses, entre ellos Bolivia, India, Nicaragua, M\u00e9xico y Sud\u00e1frica. Sus reportajes se emiten en televisiones de todo el mundo, tales como BBC, Al Jazeera, RTVE, Canal+ o Eitb, entre otras.<\/p>\n<p>&nbsp;<\/p>\n<p><strong>Bego\u00f1a Atin Arratibel.\u00a0<\/strong><em>New Digital Media Euskadi.<\/em><\/p>\n<p><img loading=\"lazy\" decoding=\"async\" class=\" wp-image-2265 alignleft\" src=\"https:\/\/dame1minutode.org\/wp-content\/uploads\/2018\/02\/bego\u00f1a-atin.jpg\" alt=\"\" width=\"183\" height=\"245\" srcset=\"https:\/\/dame1minutode.org\/wp-content\/uploads\/2018\/02\/bego\u00f1a-atin.jpg 334w, https:\/\/dame1minutode.org\/wp-content\/uploads\/2018\/02\/bego\u00f1a-atin-224x300.jpg 224w\" sizes=\"auto, (max-width: 183px) 100vw, 183px\" \/><\/p>\n<p style=\"text-align: left;\">Licenciada en ciencias de la informaci\u00f3n (1988). Lleva toda su vida profesional pr\u00e1cticamente vinculada a la informaci\u00f3n y a los contenidos audiovisuales.<\/p>\n<p style=\"text-align: left;\">Arloburu de programas de contenido social en ETB (2000-2004), responsable del departamento de documentales en K2000 (2005-2010), subdirectora de informativos en ETB (2011-2013) y, a partir de esta fecha, productora ejecutiva en New Digital Media Euskadi.<\/p>\n<p>&nbsp;<\/p>\n<p><strong>Greta Frankenfeld. <\/strong><em>Kultura, Communication, Desarrollo KCD ONGD<\/em>.<\/p>\n<p><img loading=\"lazy\" decoding=\"async\" class=\" wp-image-2268 alignleft\" src=\"https:\/\/dame1minutode.org\/wp-content\/uploads\/2018\/02\/greta.jpg\" alt=\"\" width=\"183\" height=\"265\" srcset=\"https:\/\/dame1minutode.org\/wp-content\/uploads\/2018\/02\/greta.jpg 342w, https:\/\/dame1minutode.org\/wp-content\/uploads\/2018\/02\/greta-208x300.jpg 208w\" sizes=\"auto, (max-width: 183px) 100vw, 183px\" \/><\/p>\n<p>Periodista especializada en Comunicaci\u00f3n para el desarrollo y la transformaci\u00f3n social, con perspectivas de equidad de g\u00e9nero e interculturalidad. Desarrolla su trabajo en organizaciones internacionales del sistema de Naciones Unidas y ONGD en las \u00e1reas de Educaci\u00f3n y Comunicaci\u00f3n para la Transformaci\u00f3n Social.<\/p>\n<p>Trabaj\u00f3 en medios de comunicaci\u00f3n y gabinetes de prensa en Euskadi y Argentina, como ejecutiva de cuentas, periodista y editora.<\/p>\n<p>Actualmente integra el Comit\u00e9 Selector y participa en la organizaci\u00f3n del Festival Internacional de Cine Invisible &#8220;Film Sozialak&#8221; de Bilbao. Ha sido jurado del Festival de Cine gay-lesbo-trans de Bilbao Zinegoak.<\/p>\n<p>&nbsp;<\/p>\n<p><strong>Aritz Galarza.\u00a0<\/strong><em>EITB.<\/em><\/p>\n<p><img loading=\"lazy\" decoding=\"async\" class=\"wp-image-2271 alignleft\" src=\"https:\/\/dame1minutode.org\/wp-content\/uploads\/2018\/02\/unai-g.jpg\" alt=\"\" width=\"270\" height=\"200\" srcset=\"https:\/\/dame1minutode.org\/wp-content\/uploads\/2018\/02\/unai-g.jpg 418w, https:\/\/dame1minutode.org\/wp-content\/uploads\/2018\/02\/unai-g-300x222.jpg 300w\" sizes=\"auto, (max-width: 270px) 100vw, 270px\" \/><\/p>\n<p>En 1998 comenz\u00f3 a trabajar como ayudante de producci\u00f3n de informativos, de ah\u00ed pas\u00f3 a producci\u00f3n de programas donde en el a\u00f1o 2005 desarroll\u00f3 junto con otro compa\u00f1ero el proyecto \u2018EITB Kultura\u2019. Una vez aprobado el proyecto seleccion\u00f3 el equipo personalmente y fue el productor y director del programa.<\/p>\n<p>En el a\u00f1o 2006 pas\u00f3 a la producci\u00f3n ejecutiva del espacio y al departamento de programaci\u00f3n, donde pas\u00f3 a ser el responsable de la programaci\u00f3n de pel\u00edculas de ficci\u00f3n de producci\u00f3n ajena de los 3 canales de televisi\u00f3n de EITB. Asimismo, durante este periodo realiz\u00f3 labores de productor ejecutivo en diversos programas, como \u2018La Noche De\u2019 o \u2018Tu vista de Euskal Herria\u2019, entre otros. Actualmente es jefe de programaci\u00f3n y adquisiciones en EITB.<\/p>\n<p>&nbsp;<\/p>\n<p><strong>Unai Garc\u00eda Gallastegui.\u00a0<\/strong><em>Ayuntamiento de Getxo<strong>.<\/strong><\/em><\/p>\n<p><strong><img loading=\"lazy\" decoding=\"async\" class=\"wp-image-2554 alignleft\" src=\"https:\/\/dame1minutode.org\/wp-content\/uploads\/2019\/02\/UNAI-GG-1024x576.jpg\" alt=\"\" width=\"289\" height=\"163\" srcset=\"https:\/\/dame1minutode.org\/wp-content\/uploads\/2019\/02\/UNAI-GG-1024x576.jpg 1024w, https:\/\/dame1minutode.org\/wp-content\/uploads\/2019\/02\/UNAI-GG-300x169.jpg 300w, https:\/\/dame1minutode.org\/wp-content\/uploads\/2019\/02\/UNAI-GG-768x432.jpg 768w, https:\/\/dame1minutode.org\/wp-content\/uploads\/2019\/02\/UNAI-GG.jpg 1032w\" sizes=\"auto, (max-width: 289px) 100vw, 289px\" \/><\/strong><\/p>\n<p>Licenciado en Ciencias Pol\u00edticas y en Sociolog\u00eda Industrial Urbana en UPV. M\u00e1ster en Cooperaci\u00f3n al Desarrollo. Miembro del Jurado del Festival Internacional de Cine Invisible \u2018Film Sozialak\u2019.<\/p>\n<p>&nbsp;<\/p>\n<p>&nbsp;<\/p>\n<p><strong>Itziar Idiazabal. <\/strong><em>Eusko Ikaskuntza.<\/em><\/p>\n<p><img loading=\"lazy\" decoding=\"async\" class=\"wp-image-2279 alignleft\" src=\"https:\/\/dame1minutode.org\/wp-content\/uploads\/2018\/02\/itiziar-i.jpg\" alt=\"\" width=\"270\" height=\"180\" srcset=\"https:\/\/dame1minutode.org\/wp-content\/uploads\/2018\/02\/itiziar-i.jpg 466w, https:\/\/dame1minutode.org\/wp-content\/uploads\/2018\/02\/itiziar-i-300x200.jpg 300w\" sizes=\"auto, (max-width: 270px) 100vw, 270px\" \/><\/p>\n<p>Catedr\u00e1tica de Filolog\u00eda Vasca en la UPV\/EHU. Doctora por la Universidad de Ginebra (1983) donde realiz\u00f3 una tesis de Psicoling\u00fc\u00edstica experimental. Ha desarrollado varios proyectos de investigaci\u00f3n con el grupo ELEBILAB, \u00a0sobre la adquisici\u00f3n del lenguaje de ni\u00f1os biling\u00fces, sobre el an\u00e1lisis discursivo del euskera y sobre la ense\u00f1anza biling\u00fce y multiling\u00fce incluyendo una lengua minorizada. Una de sus \u00faltimas publicaciones, editada con la profesora Garcia-Azkoaga en 2015, lleva por t\u00edtulo: <em>Para una ingenier\u00eda did\u00e1ctica de la educaci\u00f3n pluriling\u00fce<\/em>.<\/p>\n<p>Es tambi\u00e9n una de las autoras del Informe sobre las Lenguas del Mundo (Mart\u00ed et al. (2005) <em>Words and Worlds. World Language Review<\/em>. Desde 2007 es la coordinadora de la C\u00e1tedra UNESCO de Patrimonio Ling\u00fc\u00edstico Mundial de la UPV-EHU .<\/p>\n<p>&nbsp;<\/p>\n<p><strong>N\u00e9lida Zaitegi<\/strong>. <em>Consejo Escolar de Euskadi.<\/em><\/p>\n<p><img loading=\"lazy\" decoding=\"async\" class=\"alignleft\" src=\"https:\/\/upload.wikimedia.org\/wikipedia\/commons\/thumb\/9\/97\/N\u00e9lida_Zaitegi.jpg\/1024px-N\u00e9lida_Zaitegi.jpg\" width=\"270\" height=\"211\" \/><\/p>\n<p>Una vida dedicada a la educaci\u00f3n como maestra, pedagoga, e inspectora de educaci\u00f3n. Miembro del Forum Europeo de Administradores de la Educaci\u00f3n y de las Asociaci\u00f3n Convives. Ha sido directora de la revista Organizaci\u00f3n y Gesti\u00f3n Educativa y de la revista CONVIVES. Ha ejercido tambi\u00e9n como miembro del Jurado del Festival Internacional de Cine Invisible &#8220;Film Sozialak&#8221;.<\/p>\n<p>Actualmente es Presidenta del Consejo Escolar de Euskadi.<\/p>\n<p>&nbsp;<\/p>\n<p><strong>Itziar Rubio.<\/strong><em> Fundaci\u00f3n Fair Saturday \u2013 Regional Manager Am\u00e9rica Latina<\/em><\/p>\n<p><img loading=\"lazy\" decoding=\"async\" class=\"wp-image-2551 alignleft\" src=\"https:\/\/dame1minutode.org\/wp-content\/uploads\/2019\/02\/itzi-cv-684x1024.jpg\" alt=\"\" width=\"208\" height=\"312\" srcset=\"https:\/\/dame1minutode.org\/wp-content\/uploads\/2019\/02\/itzi-cv-684x1024.jpg 684w, https:\/\/dame1minutode.org\/wp-content\/uploads\/2019\/02\/itzi-cv-200x300.jpg 200w, https:\/\/dame1minutode.org\/wp-content\/uploads\/2019\/02\/itzi-cv-768x1150.jpg 768w, https:\/\/dame1minutode.org\/wp-content\/uploads\/2019\/02\/itzi-cv.jpg 2016w\" sizes=\"auto, (max-width: 208px) 100vw, 208px\" \/><\/p>\n<p>Artivista por naturaleza. Licenciada en Administraci\u00f3n y Direcci\u00f3n de empresas y Master en Cooperaci\u00f3n Internacional Descentralizada,\u00a0 vinculada al mundo de la danza y la m\u00fasica y la innovaci\u00f3n social a trav\u00e9s de la cultura, Itziar ha vivido 8 a\u00f1os en diversos pa\u00edses de Am\u00e9rica Latina y ha trabajado en Europa y Norte de \u00c1frica liderando diversos proyectos culturales para el desarrollo humano para diferentes organismos internacionales como UNESCO, AECID, Banco Interamericano de Desarrollo y diversas ONGDs a trav\u00e9s del enfoque de derechos, g\u00e9nero, interculturalidad y participaci\u00f3n ciudadana.<\/p>\n<p>Co-Fundadora de la ONGD Ventana a la Diversidad y docente en materia de emprendimiento y gesti\u00f3n cultural en diversas universidades, actualmente es responsable de la Fundaci\u00f3n Fair Saturday para Am\u00e9rica Latina.<\/p>\n<p><strong>\u00a0<\/strong><\/p>\n<p><strong>Elena Delgado.<\/strong><em> Ayuntamiento de Bilbao.<\/em><\/p>\n<p><img loading=\"lazy\" decoding=\"async\" class=\" wp-image-2548 alignleft\" src=\"https:\/\/dame1minutode.org\/wp-content\/uploads\/2019\/02\/ELENA.jpg\" alt=\"\" width=\"270\" height=\"247\" srcset=\"https:\/\/dame1minutode.org\/wp-content\/uploads\/2019\/02\/ELENA.jpg 735w, https:\/\/dame1minutode.org\/wp-content\/uploads\/2019\/02\/ELENA-300x274.jpg 300w\" sizes=\"auto, (max-width: 270px) 100vw, 270px\" \/>Graduada en Educaci\u00f3n Social en la UPV\/EHU. M\u00e1ster en Igualdad de Mujeres y Hombres, y en Atenci\u00f3n a V\u00edctimas de Experiencias Traum\u00e1ticas.<\/p>\n<p>Actualmente es t\u00e9cnica de apoyo en el Programa Mujer, Salud y Violencia en el \u00c1rea de Igualdad, Cooperaci\u00f3n, Convivencia y Fiestas del Ayuntamiento de Bilbao.<\/p>\n","protected":false},"excerpt":{"rendered":"<p>Tras finalizar el pasado 31 de enero el plazo de recepci\u00f3n de videos para la 9\u00ba Edici\u00f3n del concurso os presentamos a personas que componen el jurado de esta edici\u00f3n. Para la selecci\u00f3n de los cortos ganadores contamos con un jurado excepcional compuesto por Unai Aranzadi,\u00a0Bego\u00f1a Atin Arratibel, Greta Frankenfeld,\u00a0Aritz Galarza,\u00a0Unai Garc\u00eda Gallastegui,\u00a0Itziar Idiazabal,\u00a0Itziar Rubio, [&hellip;]<\/p>\n","protected":false},"author":2,"featured_media":2563,"comment_status":"open","ping_status":"open","sticky":false,"template":"","format":"standard","meta":{"_acf_changed":false,"footnotes":""},"categories":[503],"tags":[],"class_list":["post-2562","post","type-post","status-publish","format-standard","has-post-thumbnail","hentry","category-jurado-eu"],"acf":[],"_links":{"self":[{"href":"https:\/\/dame1minutode.org\/eu\/wp-json\/wp\/v2\/posts\/2562","targetHints":{"allow":["GET"]}}],"collection":[{"href":"https:\/\/dame1minutode.org\/eu\/wp-json\/wp\/v2\/posts"}],"about":[{"href":"https:\/\/dame1minutode.org\/eu\/wp-json\/wp\/v2\/types\/post"}],"author":[{"embeddable":true,"href":"https:\/\/dame1minutode.org\/eu\/wp-json\/wp\/v2\/users\/2"}],"replies":[{"embeddable":true,"href":"https:\/\/dame1minutode.org\/eu\/wp-json\/wp\/v2\/comments?post=2562"}],"version-history":[{"count":0,"href":"https:\/\/dame1minutode.org\/eu\/wp-json\/wp\/v2\/posts\/2562\/revisions"}],"wp:featuredmedia":[{"embeddable":true,"href":"https:\/\/dame1minutode.org\/eu\/wp-json\/wp\/v2\/media\/2563"}],"wp:attachment":[{"href":"https:\/\/dame1minutode.org\/eu\/wp-json\/wp\/v2\/media?parent=2562"}],"wp:term":[{"taxonomy":"category","embeddable":true,"href":"https:\/\/dame1minutode.org\/eu\/wp-json\/wp\/v2\/categories?post=2562"},{"taxonomy":"post_tag","embeddable":true,"href":"https:\/\/dame1minutode.org\/eu\/wp-json\/wp\/v2\/tags?post=2562"}],"curies":[{"name":"wp","href":"https:\/\/api.w.org\/{rel}","templated":true}]}}